
{"id":3162,"date":"2016-08-30T09:00:30","date_gmt":"2016-08-30T09:00:30","guid":{"rendered":"http:\/\/www.socandev.ca\/?p=3162"},"modified":"2021-07-16T11:38:41","modified_gmt":"2021-07-16T15:38:41","slug":"27th-socan-montreal-awards-gala-celebrates-music-creators-and-publishers","status":"publish","type":"post","link":"https:\/\/www.socan.com\/fr\/27th-socan-montreal-awards-gala-celebrates-music-creators-and-publishers\/","title":{"rendered":"LE 27E GALA DE LA SOCAN SALUE \u00ab LE D\u00c9BUT D\u2019UN TEMPS NOUVEAU \u00bb"},"content":{"rendered":"<p><strong>Montr\u00e9al<\/strong>\u00a0\u2013 Le 27e Gala annuel de la SOCAN est de retour au l\u00e9gendaire M\u00e9tropolis de Montr\u00e9al le 12 septembre afin de c\u00e9l\u00e9brer et mettre en vedette les auteurs, compositeurs et \u00e9diteurs de musique du Qu\u00e9bec et leur extraordinaire contribution \u00e0 la musique.<\/p>\n<p>Parmi les artistes et autres joueurs de l\u2019industrie qui seront honor\u00e9s \u00e0 cette occasion, se trouve l\u2019auteur-compositeur de l\u2019immortelle chanson\u00a0<em>Le d\u00e9but d\u2019un temps nouveau<\/em>,<strong>St\u00e9phane Venne<\/strong>, qui recevra le prestigieux PRIX EMPREINTE CULTURELLE, soulignant l\u2019importante contribution culturelle d\u2019une \u0153uvre musicale cr\u00e9\u00e9e par un membre de la SOCAN.<\/p>\n<p>Le gala sera ponctu\u00e9 de prestations qui auront l\u2019heur de plaire aux artistes et autres joueurs de l\u2019\u00e9cosyst\u00e8me musical qu\u00e9b\u00e9cois pr\u00e9sents.\u00a0<strong>Ariane Moffatt\u00a0<\/strong>recevra le prixAUTEURE-COMPOSITRICE DE L\u2019ANN\u00c9E et on soulignera les prouesses \u00e0 l\u2019international de deux jeunes et extraordinaires auteures, compositrices et interpr\u00e8tes :\u00a0<strong>C\u0153ur de Pirate<\/strong>\u00a0et\u00a0<strong>Grimes<\/strong>\u00a0(PRIX INTERNATIONAL,\u00a0<em>ex aequo<\/em>). On remettra \u00e9galement le PRIX EXCELLENCE \u00e0\u00a0<strong>Richard S\u00e9guin<\/strong>, incontournable v\u00e9t\u00e9ran, fort de plus de 40 ans de carri\u00e8re, alors que onze chansons qui totalisent toutes, rappelons-le, au-del\u00e0 de 25\u2009000 passages radiophoniques deviendront des CLASSIQUES DE LA SOCAN. Parmi celles-ci : plusieurs titres de \u00ab l\u2019indomptable \u00bb rocker\u00a0<strong>\u00c9ric Lapointe\u00a0<\/strong>et du regrett\u00e9\u00a0<strong>D\u00e9d\u00e9 Fortin<\/strong>\u00a0et ses illustres<strong>\u00a0Colocs<\/strong>. Les auteurs, compositeurs et \u00e9diteurs des 10 chansons francophones les plus entendus \u00e0 la radio en 2015 seront aussi r\u00e9compens\u00e9s.<\/p>\n<p>\u00ab La SOCAN est tr\u00e8s fi\u00e8re de la vitalit\u00e9 cr\u00e9atrice de ses membres, qu\u2019ils soient des cr\u00e9ateurs ou des \u00e9diteurs aguerris, en \u00e9mergence, ou \u00e0 la carri\u00e8re florissante \u00bb, a d\u00e9clar\u00e9 le chef de la direction, Eric Baptiste. \u00ab Que leur succ\u00e8s soit national, international, ou les deux, nous sommes s\u00fbrs que l\u2019actuelle \u00e8re de succ\u00e8s cr\u00e9atifs musicaux sans pr\u00e9c\u00e9dent va se poursuivre. La SOCAN a effectu\u00e9 de nombreux et importants pas en avant au cours de la derni\u00e8re ann\u00e9e, et c\u2019est avec beaucoup d\u2019enthousiasme que nous c\u00e9l\u00e9brons \u201cLe d\u00e9but d\u2019un temps nouveau\u201d gr\u00e2ce \u00e0 ce gala qui saura tr\u00e8s certainement nous en mettre, plus que jamais, plein la vue, les oreilles et les c\u0153urs \u00bb.<\/p>\n<p>Grande f\u00eate annuelle de tous les auteurs, compositeurs et \u00e9diteurs de musique dont le travail est source d\u2019\u00e9motion et d\u00e9finit toute une culture, ce gala annuel est l\u2019un des plus importants de l\u2019industrie musicale au Qu\u00e9bec. Parmi les autres prix sp\u00e9ciaux qui seront remis lors de cette soir\u00e9e anim\u00e9e par\u00a0<strong>St\u00e9phane Archambault\u00a0<\/strong>et mise en sc\u00e8ne par<strong>Yann Perreau<\/strong>, mentionnons le PRIX HOMMAGE \u00e0\u00a0<strong>Alain Chartrand<\/strong>, fondateur du festival Coup de c\u0153ur francophone qui pr\u00e9sentera en novembre sa 30e \u00e9dition. Mentionnons qu\u2019un prix sera remis dans une toute nouvelle cat\u00e9gorie cette ann\u00e9e, celle d\u2019\u00c9DITEUR DE L\u2019ANN\u00c9E et que plusieurs prix viendront \u00e9galement saluer l\u2019excellence des compositeurs audiovisuels qui jouent un r\u00f4le essentiel dans notre paysage t\u00e9l\u00e9visuel et cin\u00e9matographique.<\/p>\n<p>St\u00e9phane Archambault membre fondateur, compositeur et chanteur de la formation Mes A\u00efeux en sera \u00e0 sa premi\u00e8re exp\u00e9rience en tant que ma\u00eetre de c\u00e9r\u00e9monie du gala annuel de la SOCAN. \u00ab C\u2019est sans doute le gala le plus cool de l\u2019industrie. C\u2019est le No\u00ebl du Campeur de la musique. Mieux encore, c\u2019est un gros party de famille. Et cette ann\u00e9e, c\u2019est moi qui re\u00e7ois la parent\u00e9. Quel honneur\u2009! Quel bonheur\u2009! \u00bb, s\u2019est-il r\u00e9joui.<\/p>\n<p>Cette ann\u00e9e encore, chacun des laur\u00e9ats des prix sp\u00e9ciaux recevra un troph\u00e9e Le SOCAN, le seul troph\u00e9e majeur de l\u2019industrie de la musique \u00e0 \u00eatre \u00e9galement un instrument de musique. Cette ann\u00e9e, les cinq crotales de bronze de marque SABIAN qui ornent le SOCAN sont accord\u00e9s pour jouer les cinq premi\u00e8res notes de la chanson Le d\u00e9but d\u2019un temps nouveau.<\/p>\n<p>Le Gala de la SOCAN de Montr\u00e9al vise \u00e0 souligner les r\u00e9ussites des plus de 25\u2009000 membres de l\u2019organisation au Qu\u00e9bec et remettra ainsi des prix \u00e0 plus de 80 laur\u00e9ats dans 21 cat\u00e9gories. La liste compl\u00e8te des laur\u00e9ats sera diffus\u00e9e dans la soir\u00e9e, le 12 septembre prochain.<\/p>\n<p><strong>\u00c0 PROPOS DE LA SOCAN<\/strong><br \/>\nLa SOCAN est une organisation appartenant \u00e0 ses membres qui repr\u00e9sente les droits d\u2019ex\u00e9cution de plus de quatre millions de cr\u00e9ateurs et d\u2019\u00e9diteurs de musique au pays et \u00e0 travers le monde. La SOCAN est fi\u00e8re de jouer un r\u00f4le d\u2019avant-garde pour assurer le bien-\u00eatre \u00e0 long terme de ses plus de 135\u2009000 membres canadiens et de l\u2019\u00e9cosyst\u00e8me musical canadien dans son ensemble. La SOCAN per\u00e7oit des droits de licences de plus de 130\u2009000 entreprises au pays et distribue ces redevances \u00e0 ses membres ainsi qu\u2019aux soci\u00e9t\u00e9s d\u2019auteurs affili\u00e9es internationales. La SOCAN distribue \u00e9galement \u00e0 ses membres les redevances qu\u2019elle re\u00e7oit des organisations affili\u00e9es internationales pour l\u2019utilisation de leur musique \u00e0 travers le monde.<\/p>\n<p>-30-<\/p>\n<p><strong>CONTACTS M\u00c9DIAS<\/strong><br \/>\n<strong>SOCAN<\/strong>\u00a0: \u00c9ric Parazelli, 514 844-8377, poste 4934,\u00a0<a href=\"mailto:parazellie@socan.ca\">parazellie@socan.ca<\/a><br \/>\n<strong>SIX MEDIAS<\/strong>\u00a0(pour demandes d\u2019entrevues) : Audr\u00e9e Loiselle, 514 544-7013,<a href=\"mailto:audree@sixmedia.ca\">audree@sixmedia.ca<\/a><\/p>\n","protected":false},"excerpt":{"rendered":"<p>Montr\u00e9al\u00a0\u2013 Le 27e Gala annuel de la SOCAN est de retour au l\u00e9gendaire M\u00e9tropolis de Montr\u00e9al le 12 septembre afin de c\u00e9l\u00e9brer et mettre en vedette les auteurs, compositeurs et \u00e9diteurs de musique du Qu\u00e9bec et leur extraordinaire contribution \u00e0 la musique. Parmi les artistes et autres joueurs de l\u2019industrie qui seront honor\u00e9s \u00e0 cette [&hellip;]<\/p>\n","protected":false},"author":1,"featured_media":0,"comment_status":"open","ping_status":"open","sticky":false,"template":"","format":"standard","meta":{"_acf_changed":false,"footnotes":""},"categories":[242],"tags":[],"class_list":["post-3162","post","type-post","status-publish","format-standard","hentry","category-media-release"],"acf":[],"yoast_head":"<!-- This site is optimized with the Yoast SEO plugin v27.4 - https:\/\/yoast.com\/product\/yoast-seo-wordpress\/ -->\n<title>LE 27E GALA DE LA SOCAN SALUE \u00ab LE D\u00c9BUT D\u2019UN TEMPS NOUVEAU \u00bb<\/title>\n<meta name=\"robots\" content=\"index, follow, max-snippet:-1, max-image-preview:large, max-video-preview:-1\" \/>\n<link rel=\"canonical\" href=\"https:\/\/www.socan.com\/fr\/27th-socan-montreal-awards-gala-celebrates-music-creators-and-publishers\/\" \/>\n<meta property=\"og:locale\" content=\"fr_FR\" \/>\n<meta property=\"og:locale:alternate\" content=\"en_US\" \/>\n<meta property=\"og:type\" content=\"article\" \/>\n<meta property=\"og:title\" content=\"LE 27E GALA DE LA SOCAN SALUE \u00ab LE D\u00c9BUT D\u2019UN TEMPS NOUVEAU \u00bb\" \/>\n<meta property=\"og:description\" content=\"Montr\u00e9al\u00a0\u2013 Le 27e Gala annuel de la SOCAN est de retour au l\u00e9gendaire M\u00e9tropolis de Montr\u00e9al le 12 septembre afin de c\u00e9l\u00e9brer et mettre en vedette les auteurs, compositeurs et \u00e9diteurs de musique du Qu\u00e9bec et leur extraordinaire contribution \u00e0 la musique. Parmi les artistes et autres joueurs de l\u2019industrie qui seront honor\u00e9s \u00e0 cette [&hellip;]\" \/>\n<meta property=\"og:url\" content=\"https:\/\/www.socan.com\/fr\/27th-socan-montreal-awards-gala-celebrates-music-creators-and-publishers\/\" \/>\n<meta property=\"og:site_name\" content=\"SOCAN\" \/>\n<meta property=\"article:published_time\" content=\"2016-08-30T09:00:30+00:00\" \/>\n<meta property=\"article:modified_time\" content=\"2021-07-16T15:38:41+00:00\" \/>\n<meta name=\"twitter:card\" content=\"summary_large_image\" \/>\n<script type=\"application\/ld+json\" class=\"yoast-schema-graph\">{\"@context\":\"https:\\\/\\\/schema.org\",\"@graph\":[{\"@type\":\"Article\",\"@id\":\"https:\\\/\\\/www.socan.com\\\/27th-socan-montreal-awards-gala-celebrates-music-creators-and-publishers\\\/#article\",\"isPartOf\":{\"@id\":\"https:\\\/\\\/www.socan.com\\\/27th-socan-montreal-awards-gala-celebrates-music-creators-and-publishers\\\/\"},\"author\":{\"name\":\"admin-dev\",\"@id\":\"https:\\\/\\\/www.socan.com\\\/#\\\/schema\\\/person\\\/83e39de53215bff2f0b127fe4796c561\"},\"headline\":\"LE 27E GALA DE LA SOCAN SALUE \u00ab LE D\u00c9BUT D\u2019UN TEMPS NOUVEAU \u00bb\",\"datePublished\":\"2016-08-30T09:00:30+00:00\",\"dateModified\":\"2021-07-16T15:38:41+00:00\",\"mainEntityOfPage\":{\"@id\":\"https:\\\/\\\/www.socan.com\\\/27th-socan-montreal-awards-gala-celebrates-music-creators-and-publishers\\\/\"},\"wordCount\":1635,\"commentCount\":0,\"articleSection\":[\"Media Releases\"],\"inLanguage\":\"fr-FR\",\"potentialAction\":[{\"@type\":\"CommentAction\",\"name\":\"Comment\",\"target\":[\"https:\\\/\\\/www.socan.com\\\/27th-socan-montreal-awards-gala-celebrates-music-creators-and-publishers\\\/#respond\"]}]},{\"@type\":\"WebPage\",\"@id\":\"https:\\\/\\\/www.socan.com\\\/27th-socan-montreal-awards-gala-celebrates-music-creators-and-publishers\\\/\",\"url\":\"https:\\\/\\\/www.socan.com\\\/27th-socan-montreal-awards-gala-celebrates-music-creators-and-publishers\\\/\",\"name\":\"LE 27E GALA DE LA SOCAN SALUE \u00ab LE D\u00c9BUT D\u2019UN TEMPS NOUVEAU \u00bb\",\"isPartOf\":{\"@id\":\"https:\\\/\\\/www.socan.com\\\/#website\"},\"datePublished\":\"2016-08-30T09:00:30+00:00\",\"dateModified\":\"2021-07-16T15:38:41+00:00\",\"author\":{\"@id\":\"https:\\\/\\\/www.socan.com\\\/#\\\/schema\\\/person\\\/83e39de53215bff2f0b127fe4796c561\"},\"breadcrumb\":{\"@id\":\"https:\\\/\\\/www.socan.com\\\/27th-socan-montreal-awards-gala-celebrates-music-creators-and-publishers\\\/#breadcrumb\"},\"inLanguage\":\"fr-FR\",\"potentialAction\":[{\"@type\":\"ReadAction\",\"target\":[\"https:\\\/\\\/www.socan.com\\\/27th-socan-montreal-awards-gala-celebrates-music-creators-and-publishers\\\/\"]}]},{\"@type\":\"BreadcrumbList\",\"@id\":\"https:\\\/\\\/www.socan.com\\\/27th-socan-montreal-awards-gala-celebrates-music-creators-and-publishers\\\/#breadcrumb\",\"itemListElement\":[{\"@type\":\"ListItem\",\"position\":1,\"name\":\"Home\",\"item\":\"https:\\\/\\\/www.socan.com\\\/fr\\\/\"},{\"@type\":\"ListItem\",\"position\":2,\"name\":\"27th SOCAN Montr\u00e9al Awards Gala Celebrates Music Creators and Publishers\"}]},{\"@type\":\"WebSite\",\"@id\":\"https:\\\/\\\/www.socan.com\\\/#website\",\"url\":\"https:\\\/\\\/www.socan.com\\\/\",\"name\":\"SOCAN\",\"description\":\"Gestion des droits\",\"potentialAction\":[{\"@type\":\"SearchAction\",\"target\":{\"@type\":\"EntryPoint\",\"urlTemplate\":\"https:\\\/\\\/www.socan.com\\\/?s={search_term_string}\"},\"query-input\":{\"@type\":\"PropertyValueSpecification\",\"valueRequired\":true,\"valueName\":\"search_term_string\"}}],\"inLanguage\":\"fr-FR\"},{\"@type\":\"Person\",\"@id\":\"https:\\\/\\\/www.socan.com\\\/#\\\/schema\\\/person\\\/83e39de53215bff2f0b127fe4796c561\",\"name\":\"admin-dev\",\"image\":{\"@type\":\"ImageObject\",\"inLanguage\":\"fr-FR\",\"@id\":\"https:\\\/\\\/secure.gravatar.com\\\/avatar\\\/3d56c2f1007807f89e73b5eacd06ca1b12ec6f2e68a01de8fc9a6e29d8c64c07?s=96&d=mm&r=g\",\"url\":\"https:\\\/\\\/secure.gravatar.com\\\/avatar\\\/3d56c2f1007807f89e73b5eacd06ca1b12ec6f2e68a01de8fc9a6e29d8c64c07?s=96&d=mm&r=g\",\"contentUrl\":\"https:\\\/\\\/secure.gravatar.com\\\/avatar\\\/3d56c2f1007807f89e73b5eacd06ca1b12ec6f2e68a01de8fc9a6e29d8c64c07?s=96&d=mm&r=g\",\"caption\":\"admin-dev\"},\"url\":\"https:\\\/\\\/www.socan.com\\\/fr\\\/author\\\/admin-dev\\\/\"}]}<\/script>\n<!-- \/ Yoast SEO plugin. -->","yoast_head_json":{"title":"LE 27E GALA DE LA SOCAN SALUE \u00ab LE D\u00c9BUT D\u2019UN TEMPS NOUVEAU \u00bb","robots":{"index":"index","follow":"follow","max-snippet":"max-snippet:-1","max-image-preview":"max-image-preview:large","max-video-preview":"max-video-preview:-1"},"canonical":"https:\/\/www.socan.com\/fr\/27th-socan-montreal-awards-gala-celebrates-music-creators-and-publishers\/","og_locale":"fr_FR","og_type":"article","og_title":"[:en]27th SOCAN Montr\u00e9al Awards Gala Celebrates Music Creators and Publishers[:fr]LE 27E GALA DE LA SOCAN SALUE \u00ab LE D\u00c9BUT D\u2019UN TEMPS NOUVEAU \u00bb[:] - SOCAN","og_description":"Montr\u00e9al\u00a0\u2013 Le 27e Gala annuel de la SOCAN est de retour au l\u00e9gendaire M\u00e9tropolis de Montr\u00e9al le 12 septembre afin de c\u00e9l\u00e9brer et mettre en vedette les auteurs, compositeurs et \u00e9diteurs de musique du Qu\u00e9bec et leur extraordinaire contribution \u00e0 la musique. Parmi les artistes et autres joueurs de l\u2019industrie qui seront honor\u00e9s \u00e0 cette [&hellip;]","og_url":"https:\/\/www.socan.com\/fr\/27th-socan-montreal-awards-gala-celebrates-music-creators-and-publishers\/","og_site_name":"SOCAN","article_published_time":"2016-08-30T09:00:30+00:00","article_modified_time":"2021-07-16T15:38:41+00:00","twitter_card":"summary_large_image","schema":{"@context":"https:\/\/schema.org","@graph":[{"@type":"Article","@id":"https:\/\/www.socan.com\/27th-socan-montreal-awards-gala-celebrates-music-creators-and-publishers\/#article","isPartOf":{"@id":"https:\/\/www.socan.com\/27th-socan-montreal-awards-gala-celebrates-music-creators-and-publishers\/"},"author":{"name":"admin-dev","@id":"https:\/\/www.socan.com\/#\/schema\/person\/83e39de53215bff2f0b127fe4796c561"},"headline":"LE 27E GALA DE LA SOCAN SALUE \u00ab LE D\u00c9BUT D\u2019UN TEMPS NOUVEAU \u00bb","datePublished":"2016-08-30T09:00:30+00:00","dateModified":"2021-07-16T15:38:41+00:00","mainEntityOfPage":{"@id":"https:\/\/www.socan.com\/27th-socan-montreal-awards-gala-celebrates-music-creators-and-publishers\/"},"wordCount":1635,"commentCount":0,"articleSection":["Media Releases"],"inLanguage":"fr-FR","potentialAction":[{"@type":"CommentAction","name":"Comment","target":["https:\/\/www.socan.com\/27th-socan-montreal-awards-gala-celebrates-music-creators-and-publishers\/#respond"]}]},{"@type":"WebPage","@id":"https:\/\/www.socan.com\/27th-socan-montreal-awards-gala-celebrates-music-creators-and-publishers\/","url":"https:\/\/www.socan.com\/27th-socan-montreal-awards-gala-celebrates-music-creators-and-publishers\/","name":"LE 27E GALA DE LA SOCAN SALUE \u00ab LE D\u00c9BUT D\u2019UN TEMPS NOUVEAU \u00bb","isPartOf":{"@id":"https:\/\/www.socan.com\/#website"},"datePublished":"2016-08-30T09:00:30+00:00","dateModified":"2021-07-16T15:38:41+00:00","author":{"@id":"https:\/\/www.socan.com\/#\/schema\/person\/83e39de53215bff2f0b127fe4796c561"},"breadcrumb":{"@id":"https:\/\/www.socan.com\/27th-socan-montreal-awards-gala-celebrates-music-creators-and-publishers\/#breadcrumb"},"inLanguage":"fr-FR","potentialAction":[{"@type":"ReadAction","target":["https:\/\/www.socan.com\/27th-socan-montreal-awards-gala-celebrates-music-creators-and-publishers\/"]}]},{"@type":"BreadcrumbList","@id":"https:\/\/www.socan.com\/27th-socan-montreal-awards-gala-celebrates-music-creators-and-publishers\/#breadcrumb","itemListElement":[{"@type":"ListItem","position":1,"name":"Home","item":"https:\/\/www.socan.com\/fr\/"},{"@type":"ListItem","position":2,"name":"27th SOCAN Montr\u00e9al Awards Gala Celebrates Music Creators and Publishers"}]},{"@type":"WebSite","@id":"https:\/\/www.socan.com\/#website","url":"https:\/\/www.socan.com\/","name":"SOCAN","description":"Gestion des droits","potentialAction":[{"@type":"SearchAction","target":{"@type":"EntryPoint","urlTemplate":"https:\/\/www.socan.com\/?s={search_term_string}"},"query-input":{"@type":"PropertyValueSpecification","valueRequired":true,"valueName":"search_term_string"}}],"inLanguage":"fr-FR"},{"@type":"Person","@id":"https:\/\/www.socan.com\/#\/schema\/person\/83e39de53215bff2f0b127fe4796c561","name":"admin-dev","image":{"@type":"ImageObject","inLanguage":"fr-FR","@id":"https:\/\/secure.gravatar.com\/avatar\/3d56c2f1007807f89e73b5eacd06ca1b12ec6f2e68a01de8fc9a6e29d8c64c07?s=96&d=mm&r=g","url":"https:\/\/secure.gravatar.com\/avatar\/3d56c2f1007807f89e73b5eacd06ca1b12ec6f2e68a01de8fc9a6e29d8c64c07?s=96&d=mm&r=g","contentUrl":"https:\/\/secure.gravatar.com\/avatar\/3d56c2f1007807f89e73b5eacd06ca1b12ec6f2e68a01de8fc9a6e29d8c64c07?s=96&d=mm&r=g","caption":"admin-dev"},"url":"https:\/\/www.socan.com\/fr\/author\/admin-dev\/"}]}},"_links":{"self":[{"href":"https:\/\/www.socan.com\/fr\/wp-json\/wp\/v2\/posts\/3162","targetHints":{"allow":["GET"]}}],"collection":[{"href":"https:\/\/www.socan.com\/fr\/wp-json\/wp\/v2\/posts"}],"about":[{"href":"https:\/\/www.socan.com\/fr\/wp-json\/wp\/v2\/types\/post"}],"author":[{"embeddable":true,"href":"https:\/\/www.socan.com\/fr\/wp-json\/wp\/v2\/users\/1"}],"replies":[{"embeddable":true,"href":"https:\/\/www.socan.com\/fr\/wp-json\/wp\/v2\/comments?post=3162"}],"version-history":[{"count":0,"href":"https:\/\/www.socan.com\/fr\/wp-json\/wp\/v2\/posts\/3162\/revisions"}],"wp:attachment":[{"href":"https:\/\/www.socan.com\/fr\/wp-json\/wp\/v2\/media?parent=3162"}],"wp:term":[{"taxonomy":"category","embeddable":true,"href":"https:\/\/www.socan.com\/fr\/wp-json\/wp\/v2\/categories?post=3162"},{"taxonomy":"post_tag","embeddable":true,"href":"https:\/\/www.socan.com\/fr\/wp-json\/wp\/v2\/tags?post=3162"}],"curies":[{"name":"wp","href":"https:\/\/api.w.org\/{rel}","templated":true}]}}