
{"id":3068,"date":"2014-07-08T00:00:00","date_gmt":"2014-07-08T00:00:00","guid":{"rendered":"http:\/\/www.socandev.ca\/patrice-michaud-wins-2014-prix-de-la-chanson-socan\/"},"modified":"2021-07-21T10:49:44","modified_gmt":"2021-07-21T14:49:44","slug":"patrice-michaud-wins-2014-prix-de-la-chanson-socan","status":"publish","type":"post","link":"https:\/\/www.socan.com\/fr\/patrice-michaud-wins-2014-prix-de-la-chanson-socan\/","title":{"rendered":"PATRICE MICHAUD REMPORTE LE PRIX DE LA CHANSON SOCAN 2014"},"content":{"rendered":"<p><strong>Montr\u00e9al \u2013\u00a0<\/strong>Patrice Michaud, un auteur-compositeur-interpr\u00e8te originaire de Cap-Chat, en Gasp\u00e9sie, est le gagnant du concours du Prix de la chanson SOCAN, le concours le plus important au pays pour les auteurs-compositeurs ind\u00e9pendants<em>.<\/em>\u00a0Il recevra la somme de 5000$ ainsi qu\u2019une guitare Gibson 1941 SJ-100 et un ensemble cadeau de Roland Canada comprenant un enregistreur num\u00e9rique BOSS Micro-BR BR-80, deux moniteurs CM-30 CUBE et des \u00e9couteurs RH-300 St\u00e9r\u00e9o.<\/p>\n<p>\u00ab\u00a0C\u2019est toujours tr\u00e8s \u00e9trange \u2013 et encore plus touchant \u2013 de mesurer l\u2019amour du public pour votre chanson. Je ne sais pas si on s\u2019habitue un jour \u00e0 ce genre de chose. J\u2019esp\u00e8re que non. Merci \u00e0 la SOCAN et aux gens qui ont vot\u00e9 !,\u00a0\u00bb a d\u00e9clar\u00e9 Patrice Michaud, qui a remport\u00e9 des prix lors de plusieurs autres \u00e9v\u00e9nements comme le Festival en chanson de Petite-Vall\u00e9e, le Gala de l\u2019ADISQ et le Festival international de la chanson de Granby.<\/p>\n<p>Le public a vot\u00e9 en ligne pour les chansons nomm\u00e9es par un jury ind\u00e9pendant d\u2019experts de l\u2019industrie musicale dans les versions fran\u00e7aise et anglaise du concours. Les fans pouvaient voter chaque jour du 3 juin au 3 juillet 2014 sur<a href=\"http:\/\/www.prixchansonsocan.ca\/\" target=\"_blank\" rel=\"noopener noreferrer\">www.prixchansonsocan.ca<\/a>, pour l\u2019une des cinq chansons fran\u00e7aises et anglaises en lice. La SOCAN ne jouait aucun r\u00f4le dans la s\u00e9lection des chansons finalistes ou le r\u00e9sultat du vote.<\/p>\n<p>Les autres chansons finalistes du Prix de la chanson SOCAN \u00e9taient\u00a0:<\/p>\n<ul>\n<li>\u00ab\u00a0Androm\u00e8de\u00a0\u00bb \u2013 auteur-compositeur-interpr\u00e8te\u00a0: Louis-Philippe Gingras<\/li>\n<li>\u00ab\u00a0La fi\u00e8vre des fleurs\u00a0\u00bb \u2013 auteure-compositrice-interpr\u00e8te\u00a0: Kl\u00f4 Pelgag, \u00e9diteurs\u00a0: \u00c9ditions Coop Faux Monnayeurs et David Murphy &#038; cie<\/li>\n<li>\u00ab\u00a0Nos corps\u00a0\u00bb \u2013 auteurs-compositeurs\u00a0: Jimmy Hunt, Emmanuel \u00c9thier et Christophe Lamarche Ledoux, interpr\u00e8te\u00a0: Jimmy Hunt, \u00e9diteur\u00a0: Les \u00c9ditions Dare to Care<\/li>\n<li>\u00a0\u00ab\u00a0Soleil blanc\u00a0\u00bb \u2013 auteur-compositeur-interpr\u00e8te\u00a0: Phil\u00e9mon Cimon, \u00e9diteur\u00a0: \u00c9ditorial Avenue<\/li>\n<\/ul>\n<p>\u00ab La chanson \u201cM\u00e9caniques g\u00e9n\u00e9rales\u201d, 1er extrait de l\u2019album Le feu de chaque jour lanc\u00e9 en f\u00e9vrier dernier, est de retour depuis quelques semaines dans le top 10 des radios de la province. \u00c7a ne m\u2019\u00e9tonne pas. Quelle chanson parfaite pour faire de la route les fen\u00eatres baiss\u00e9es, en autant qu\u2019on ne fasse pas \u201csauter le pont\u201d comme le sugg\u00e8re Patrice! Le public a par ailleurs bien fait le saut et vot\u00e9 massivement pour ce refrain accrocheur, ce qui nous permet de lui remettre le Prix de la chanson SOCAN 2014, \u00bb a dit Genevi\u00e8ve C\u00f4t\u00e9, chef des Affaires du Qu\u00e9bec \u00e0 la SOCAN. \u00ab Les chansons finalistes de cette ann\u00e9e \u00e9taient inspir\u00e9es et diff\u00e9rentes, cela d\u00e9montre la profondeur et la diversit\u00e9 du talent des auteurs-compositeurs de chez nous. Nous sommes toujours heureux de c\u00e9l\u00e9brer les succ\u00e8s de nos plus de 120 000 membres, et f\u00e9licitons Patrice pour ce bel accomplissement. Patrice, tu resteras, j\u2019en suis s\u00fbre, un de nos tr\u00e9sors nationaux! \u00bb<\/p>\n<p>\u00ab\u00a0Avec \u00ab\u00a0M\u00e9caniques g\u00e9n\u00e9rales,\u201d Patrice Michaud revitalise un sujet canonique \u00e0 l\u2019aide d\u2019images aussi insoup\u00e7onn\u00e9es que limpides tout en \u00e9vitant les pi\u00e8ges de la strophe alambiqu\u00e9e, de la rime facile et du refrain fromag\u00e9. Bref, \u00ab\u00a0M\u00e9caniques g\u00e9n\u00e9rales\u201d est de la belle ouvrage,\u00a0\u00bb a d\u00e9clar\u00e9 Andr\u00e9 P\u00e9loquin, membre du jury.<\/p>\n<p>La gagnante du Prix de la chanson SOCAN, version anglaise, est Alejandra Ribera de Montr\u00e9al pour sa chanson \u00ab\u00a0I Want\u00a0\u00bb.<\/p>\n<p><strong>Au sujet de la SOCAN<\/strong><br \/>\nLa SOCAN est une organisation gouvern\u00e9e par ses membres, qui repr\u00e9sente les droits d\u2019ex\u00e9cution musicale canadiens de plus de trois millions de cr\u00e9ateurs et d\u2019\u00e9diteurs de musique au pays et \u00e0 travers le monde. La SOCAN est fi\u00e8re de jouer un r\u00f4le d\u2019avant-garde pour assurer le bien-\u00eatre \u00e0 long terme de ses plus de 120\u00a0000 membres canadiens et de l\u2019industrie musicale canadienne dans son ensemble. La SOCAN per\u00e7oit des droits de licences de plus de 125\u00a0000 entreprises au pays et distribue ces redevances \u00e0 ses membres et affili\u00e9es internationales. La SOCAN distribue \u00e9galement \u00e0 ses membres les redevances qu\u2019elle re\u00e7oit des organisations affili\u00e9es internationales pour l\u2019utilisation de leur musique \u00e0 travers le monde.<\/p>\n<p align=\"center\">-30-<\/p>\n<p><strong>Contact m\u00e9dias:<\/strong><br \/>\n<strong>Anne Richard<\/strong>\u00a0\u2013\u00a0<a href=\"mailto:berthoffa@socan.ca\">richarda@socan.ca<\/a>\u00a0\/ 514.844.8377, poste 4943<br \/>\n<strong>Capital Image (pour la SOCAN<\/strong>) \u2013 V\u00e9ronique Beauchamp, 514-739-1188, poste 247,<a href=\"mailto:vbeauchamp@capital-image.com\">vbeauchamp@capital-image.com<\/a><br \/>\n<strong>Pour Patrice Michaud<\/strong>\u00a0: \u00c9liane L\u00e9vesque,\u00a0<a href=\"mailto:eliane.levesque@equipespectra.ca\">eliane.levesque@equipespectra.ca<\/a><\/p>\n","protected":false},"excerpt":{"rendered":"<p>\u201cM\u00e9caniques g\u00e9n\u00e9rales\u201d impresses voters as the best independent French song<\/p>\n","protected":false},"author":1,"featured_media":0,"comment_status":"open","ping_status":"open","sticky":false,"template":"","format":"standard","meta":{"_acf_changed":false,"footnotes":""},"categories":[242],"tags":[],"class_list":["post-3068","post","type-post","status-publish","format-standard","hentry","category-media-release"],"acf":[],"yoast_head":"<!-- This site is optimized with the Yoast SEO plugin v27.4 - https:\/\/yoast.com\/product\/yoast-seo-wordpress\/ -->\n<title>PATRICE MICHAUD REMPORTE LE PRIX DE LA CHANSON SOCAN 2014<\/title>\n<meta name=\"robots\" content=\"index, follow, max-snippet:-1, max-image-preview:large, max-video-preview:-1\" \/>\n<link rel=\"canonical\" href=\"https:\/\/www.socan.com\/fr\/patrice-michaud-wins-2014-prix-de-la-chanson-socan\/\" \/>\n<meta property=\"og:locale\" content=\"fr_FR\" \/>\n<meta property=\"og:locale:alternate\" content=\"en_US\" \/>\n<meta property=\"og:type\" content=\"article\" \/>\n<meta property=\"og:title\" content=\"PATRICE MICHAUD REMPORTE LE PRIX DE LA CHANSON SOCAN 2014\" \/>\n<meta property=\"og:description\" content=\"\u201cM\u00e9caniques g\u00e9n\u00e9rales\u201d impresses voters as the best independent French song\" \/>\n<meta property=\"og:url\" content=\"https:\/\/www.socan.com\/fr\/patrice-michaud-wins-2014-prix-de-la-chanson-socan\/\" \/>\n<meta property=\"og:site_name\" content=\"SOCAN\" \/>\n<meta property=\"article:published_time\" content=\"2014-07-08T00:00:00+00:00\" \/>\n<meta property=\"article:modified_time\" content=\"2021-07-21T14:49:44+00:00\" \/>\n<meta name=\"twitter:card\" content=\"summary_large_image\" \/>\n<script type=\"application\/ld+json\" class=\"yoast-schema-graph\">{\"@context\":\"https:\\\/\\\/schema.org\",\"@graph\":[{\"@type\":\"Article\",\"@id\":\"https:\\\/\\\/www.socan.com\\\/patrice-michaud-wins-2014-prix-de-la-chanson-socan\\\/#article\",\"isPartOf\":{\"@id\":\"https:\\\/\\\/www.socan.com\\\/patrice-michaud-wins-2014-prix-de-la-chanson-socan\\\/\"},\"author\":{\"name\":\"admin-dev\",\"@id\":\"https:\\\/\\\/www.socan.com\\\/#\\\/schema\\\/person\\\/83e39de53215bff2f0b127fe4796c561\"},\"headline\":\"PATRICE MICHAUD REMPORTE LE PRIX DE LA CHANSON SOCAN 2014\",\"datePublished\":\"2014-07-08T00:00:00+00:00\",\"dateModified\":\"2021-07-21T14:49:44+00:00\",\"mainEntityOfPage\":{\"@id\":\"https:\\\/\\\/www.socan.com\\\/patrice-michaud-wins-2014-prix-de-la-chanson-socan\\\/\"},\"wordCount\":1367,\"commentCount\":0,\"articleSection\":[\"Media Releases\"],\"inLanguage\":\"fr-FR\",\"potentialAction\":[{\"@type\":\"CommentAction\",\"name\":\"Comment\",\"target\":[\"https:\\\/\\\/www.socan.com\\\/patrice-michaud-wins-2014-prix-de-la-chanson-socan\\\/#respond\"]}]},{\"@type\":\"WebPage\",\"@id\":\"https:\\\/\\\/www.socan.com\\\/patrice-michaud-wins-2014-prix-de-la-chanson-socan\\\/\",\"url\":\"https:\\\/\\\/www.socan.com\\\/patrice-michaud-wins-2014-prix-de-la-chanson-socan\\\/\",\"name\":\"PATRICE MICHAUD REMPORTE LE PRIX DE LA CHANSON SOCAN 2014\",\"isPartOf\":{\"@id\":\"https:\\\/\\\/www.socan.com\\\/#website\"},\"datePublished\":\"2014-07-08T00:00:00+00:00\",\"dateModified\":\"2021-07-21T14:49:44+00:00\",\"author\":{\"@id\":\"https:\\\/\\\/www.socan.com\\\/#\\\/schema\\\/person\\\/83e39de53215bff2f0b127fe4796c561\"},\"breadcrumb\":{\"@id\":\"https:\\\/\\\/www.socan.com\\\/patrice-michaud-wins-2014-prix-de-la-chanson-socan\\\/#breadcrumb\"},\"inLanguage\":\"fr-FR\",\"potentialAction\":[{\"@type\":\"ReadAction\",\"target\":[\"https:\\\/\\\/www.socan.com\\\/patrice-michaud-wins-2014-prix-de-la-chanson-socan\\\/\"]}]},{\"@type\":\"BreadcrumbList\",\"@id\":\"https:\\\/\\\/www.socan.com\\\/patrice-michaud-wins-2014-prix-de-la-chanson-socan\\\/#breadcrumb\",\"itemListElement\":[{\"@type\":\"ListItem\",\"position\":1,\"name\":\"Home\",\"item\":\"https:\\\/\\\/www.socan.com\\\/fr\\\/\"},{\"@type\":\"ListItem\",\"position\":2,\"name\":\"PATRICE MICHAUD WINS 2014 PRIX DE LA CHANSON SOCAN\"}]},{\"@type\":\"WebSite\",\"@id\":\"https:\\\/\\\/www.socan.com\\\/#website\",\"url\":\"https:\\\/\\\/www.socan.com\\\/\",\"name\":\"SOCAN\",\"description\":\"Gestion des droits\",\"potentialAction\":[{\"@type\":\"SearchAction\",\"target\":{\"@type\":\"EntryPoint\",\"urlTemplate\":\"https:\\\/\\\/www.socan.com\\\/?s={search_term_string}\"},\"query-input\":{\"@type\":\"PropertyValueSpecification\",\"valueRequired\":true,\"valueName\":\"search_term_string\"}}],\"inLanguage\":\"fr-FR\"},{\"@type\":\"Person\",\"@id\":\"https:\\\/\\\/www.socan.com\\\/#\\\/schema\\\/person\\\/83e39de53215bff2f0b127fe4796c561\",\"name\":\"admin-dev\",\"image\":{\"@type\":\"ImageObject\",\"inLanguage\":\"fr-FR\",\"@id\":\"https:\\\/\\\/secure.gravatar.com\\\/avatar\\\/3d56c2f1007807f89e73b5eacd06ca1b12ec6f2e68a01de8fc9a6e29d8c64c07?s=96&d=mm&r=g\",\"url\":\"https:\\\/\\\/secure.gravatar.com\\\/avatar\\\/3d56c2f1007807f89e73b5eacd06ca1b12ec6f2e68a01de8fc9a6e29d8c64c07?s=96&d=mm&r=g\",\"contentUrl\":\"https:\\\/\\\/secure.gravatar.com\\\/avatar\\\/3d56c2f1007807f89e73b5eacd06ca1b12ec6f2e68a01de8fc9a6e29d8c64c07?s=96&d=mm&r=g\",\"caption\":\"admin-dev\"},\"url\":\"https:\\\/\\\/www.socan.com\\\/fr\\\/author\\\/admin-dev\\\/\"}]}<\/script>\n<!-- \/ Yoast SEO plugin. -->","yoast_head_json":{"title":"PATRICE MICHAUD REMPORTE LE PRIX DE LA CHANSON SOCAN 2014","robots":{"index":"index","follow":"follow","max-snippet":"max-snippet:-1","max-image-preview":"max-image-preview:large","max-video-preview":"max-video-preview:-1"},"canonical":"https:\/\/www.socan.com\/fr\/patrice-michaud-wins-2014-prix-de-la-chanson-socan\/","og_locale":"fr_FR","og_type":"article","og_title":"[:en]PATRICE MICHAUD WINS 2014 PRIX DE LA CHANSON SOCAN[:fr]PATRICE MICHAUD REMPORTE LE PRIX DE LA CHANSON SOCAN 2014[:] - SOCAN","og_description":"\u201cM\u00e9caniques g\u00e9n\u00e9rales\u201d impresses voters as the best independent French song","og_url":"https:\/\/www.socan.com\/fr\/patrice-michaud-wins-2014-prix-de-la-chanson-socan\/","og_site_name":"SOCAN","article_published_time":"2014-07-08T00:00:00+00:00","article_modified_time":"2021-07-21T14:49:44+00:00","twitter_card":"summary_large_image","schema":{"@context":"https:\/\/schema.org","@graph":[{"@type":"Article","@id":"https:\/\/www.socan.com\/patrice-michaud-wins-2014-prix-de-la-chanson-socan\/#article","isPartOf":{"@id":"https:\/\/www.socan.com\/patrice-michaud-wins-2014-prix-de-la-chanson-socan\/"},"author":{"name":"admin-dev","@id":"https:\/\/www.socan.com\/#\/schema\/person\/83e39de53215bff2f0b127fe4796c561"},"headline":"PATRICE MICHAUD REMPORTE LE PRIX DE LA CHANSON SOCAN 2014","datePublished":"2014-07-08T00:00:00+00:00","dateModified":"2021-07-21T14:49:44+00:00","mainEntityOfPage":{"@id":"https:\/\/www.socan.com\/patrice-michaud-wins-2014-prix-de-la-chanson-socan\/"},"wordCount":1367,"commentCount":0,"articleSection":["Media Releases"],"inLanguage":"fr-FR","potentialAction":[{"@type":"CommentAction","name":"Comment","target":["https:\/\/www.socan.com\/patrice-michaud-wins-2014-prix-de-la-chanson-socan\/#respond"]}]},{"@type":"WebPage","@id":"https:\/\/www.socan.com\/patrice-michaud-wins-2014-prix-de-la-chanson-socan\/","url":"https:\/\/www.socan.com\/patrice-michaud-wins-2014-prix-de-la-chanson-socan\/","name":"PATRICE MICHAUD REMPORTE LE PRIX DE LA CHANSON SOCAN 2014","isPartOf":{"@id":"https:\/\/www.socan.com\/#website"},"datePublished":"2014-07-08T00:00:00+00:00","dateModified":"2021-07-21T14:49:44+00:00","author":{"@id":"https:\/\/www.socan.com\/#\/schema\/person\/83e39de53215bff2f0b127fe4796c561"},"breadcrumb":{"@id":"https:\/\/www.socan.com\/patrice-michaud-wins-2014-prix-de-la-chanson-socan\/#breadcrumb"},"inLanguage":"fr-FR","potentialAction":[{"@type":"ReadAction","target":["https:\/\/www.socan.com\/patrice-michaud-wins-2014-prix-de-la-chanson-socan\/"]}]},{"@type":"BreadcrumbList","@id":"https:\/\/www.socan.com\/patrice-michaud-wins-2014-prix-de-la-chanson-socan\/#breadcrumb","itemListElement":[{"@type":"ListItem","position":1,"name":"Home","item":"https:\/\/www.socan.com\/fr\/"},{"@type":"ListItem","position":2,"name":"PATRICE MICHAUD WINS 2014 PRIX DE LA CHANSON SOCAN"}]},{"@type":"WebSite","@id":"https:\/\/www.socan.com\/#website","url":"https:\/\/www.socan.com\/","name":"SOCAN","description":"Gestion des droits","potentialAction":[{"@type":"SearchAction","target":{"@type":"EntryPoint","urlTemplate":"https:\/\/www.socan.com\/?s={search_term_string}"},"query-input":{"@type":"PropertyValueSpecification","valueRequired":true,"valueName":"search_term_string"}}],"inLanguage":"fr-FR"},{"@type":"Person","@id":"https:\/\/www.socan.com\/#\/schema\/person\/83e39de53215bff2f0b127fe4796c561","name":"admin-dev","image":{"@type":"ImageObject","inLanguage":"fr-FR","@id":"https:\/\/secure.gravatar.com\/avatar\/3d56c2f1007807f89e73b5eacd06ca1b12ec6f2e68a01de8fc9a6e29d8c64c07?s=96&d=mm&r=g","url":"https:\/\/secure.gravatar.com\/avatar\/3d56c2f1007807f89e73b5eacd06ca1b12ec6f2e68a01de8fc9a6e29d8c64c07?s=96&d=mm&r=g","contentUrl":"https:\/\/secure.gravatar.com\/avatar\/3d56c2f1007807f89e73b5eacd06ca1b12ec6f2e68a01de8fc9a6e29d8c64c07?s=96&d=mm&r=g","caption":"admin-dev"},"url":"https:\/\/www.socan.com\/fr\/author\/admin-dev\/"}]}},"_links":{"self":[{"href":"https:\/\/www.socan.com\/fr\/wp-json\/wp\/v2\/posts\/3068","targetHints":{"allow":["GET"]}}],"collection":[{"href":"https:\/\/www.socan.com\/fr\/wp-json\/wp\/v2\/posts"}],"about":[{"href":"https:\/\/www.socan.com\/fr\/wp-json\/wp\/v2\/types\/post"}],"author":[{"embeddable":true,"href":"https:\/\/www.socan.com\/fr\/wp-json\/wp\/v2\/users\/1"}],"replies":[{"embeddable":true,"href":"https:\/\/www.socan.com\/fr\/wp-json\/wp\/v2\/comments?post=3068"}],"version-history":[{"count":0,"href":"https:\/\/www.socan.com\/fr\/wp-json\/wp\/v2\/posts\/3068\/revisions"}],"wp:attachment":[{"href":"https:\/\/www.socan.com\/fr\/wp-json\/wp\/v2\/media?parent=3068"}],"wp:term":[{"taxonomy":"category","embeddable":true,"href":"https:\/\/www.socan.com\/fr\/wp-json\/wp\/v2\/categories?post=3068"},{"taxonomy":"post_tag","embeddable":true,"href":"https:\/\/www.socan.com\/fr\/wp-json\/wp\/v2\/tags?post=3068"}],"curies":[{"name":"wp","href":"https:\/\/api.w.org\/{rel}","templated":true}]}}