
{"id":3063,"date":"2014-12-03T00:00:00","date_gmt":"2014-12-03T00:00:00","guid":{"rendered":"http:\/\/www.socandev.ca\/25th-anniversary-socan-montreal-gala-celebrates-music-creators-and-publishers\/"},"modified":"2021-07-21T07:24:57","modified_gmt":"2021-07-21T11:24:57","slug":"25th-anniversary-socan-montreal-gala-celebrates-music-creators-and-publishers","status":"publish","type":"post","link":"https:\/\/www.socan.com\/fr\/25th-anniversary-socan-montreal-gala-celebrates-music-creators-and-publishers\/","title":{"rendered":"LE 25E GALA DE LA SOCAN \u00c0 MONTR\u00c9AL C\u00c9L\u00c8BRE CR\u00c9ATEURS ET \u00c9DITEURS DE MUSIQUE"},"content":{"rendered":"<p><strong>Montr\u00e9al\u00a0<\/strong>\u2013 C\u2019\u00e9tait hier soir, dans le Grand Salon de l\u2019H\u00f4tel Hyatt Regency Montr\u00e9al, que se tenait l\u2019un des plus importants rassemblements de l\u2019industrie musicale canadienne, le\u00a0<strong>25<sup>e<\/sup>\u00a0Gala annuel de la SOCAN \u00e0 Montr\u00e9al<\/strong>; anim\u00e9 cette ann\u00e9e par<strong>Michel Rivard<\/strong>\u00a0et visant \u00e0 c\u00e9l\u00e9brer, tout sp\u00e9cialement en cette \u00e9dition anniversaire, les succ\u00e8s des cr\u00e9ateurs et des \u00e9diteurs de musique du Qu\u00e9bec et d\u2019ailleurs.<\/p>\n<p>\u00c0 l\u2019occasion de cette grande soir\u00e9e, plus de\u00a0<strong>100 prix<\/strong>\u00a0ont \u00e9t\u00e9 d\u00e9cern\u00e9s dans\u00a0<strong>20 diff\u00e9rentes cat\u00e9gories<\/strong>, dont cinq grands honneurs, soit les grands prix\u00a0<strong><em>Excellence<\/em><\/strong>,<strong><em>Hommage<\/em><\/strong>,\u00a0<strong><em>Inspiration<\/em><\/strong>,\u00a0<strong><em>International<\/em><\/strong>\u00a0et\u00a0<strong><em>Auteurs-compositeurs de l\u2019ann\u00e9e<\/em><\/strong>.<\/p>\n<p>L\u00e9gende de la musique country qu\u00e9b\u00e9coise, le d\u00e9funt \u00ab\u00a0Gentleman du country\u00a0\u00bb<strong>Georges Hamel<\/strong>\u00a0s\u2019est vu d\u00e9cerner le prix<strong>\u00a0<em>Excellence<\/em><\/strong>, re\u00e7u en son honneur par son \u00e9pouse\u00a0<strong>R\u00e9jeanne Leblanc<\/strong>. En 40 ans de carri\u00e8re, l\u2019auteur-compositeur a enregistr\u00e9 44 albums, vendu plus de deux millions d\u2019exemplaires et sign\u00e9 plus de 200 chansons, en plus d\u2019\u00eatre laur\u00e9at de cinq prix F\u00e9lix (ADISQ) et de la\u00a0m\u00e9daille de l\u2019Assembl\u00e9e nationale.<\/p>\n<p>Parmi les plus c\u00e9l\u00e8bres g\u00e9rants de l\u2019histoire de la musique canadienne,\u00a0<strong>Ren\u00e9 Ang\u00e9lil<\/strong>s\u2019est quant \u00e0 lui vu remettre le prix\u00a0<strong><em>Inspiration<\/em><\/strong>, honneur accept\u00e9 en son nom par son fils<strong>\u00a0Patrick Ang\u00e9lil<\/strong>, prix soulignant son extraordinaire carri\u00e8re et son influence notoire.<\/p>\n<p><strong>Michel B\u00e9langer<\/strong>, pr\u00e9sident et fondateur des disques Audiogram, maison de disques marquante qui c\u00e9l\u00e8bre en 2014 son 30<sup>e<\/sup>\u00a0anniversaire, a re\u00e7u le prix<strong>\u00a0<em>Hommage<\/em><\/strong>\u00a0pour reconna\u00eetre le m\u00e9lomane passionn\u00e9, le travailleur acharn\u00e9 et l\u2019homme d\u2019affaires visionnaire qu\u2019il est.<\/p>\n<p>Le prix<strong>\u00a0<em>International<\/em><\/strong>\u00a0a \u00e9t\u00e9 remis aux quatre auteurs-compositeurs de la formation montr\u00e9alaise\u00a0<strong>Half Moon Run<\/strong>\u00a0\u2013 Conner Molander, Dylan Phillips, Devon Portielje et Isaac Symonds (les deux derniers retenus \u00e0 l\u2019ext\u00e9rieur) \u2013 qui depuis la parution de leur premier opus\u00a0<strong><em>Full Circle<\/em><\/strong>\u00a0cumulent les succ\u00e8s aux quatre coins du monde.<\/p>\n<p>Incontournable de la \u00ab\u00a0nouvelle pop\u00a0\u00bb qu\u00e9b\u00e9coise, fort de cinq albums certifi\u00e9s Platine, le duo\u00a0<strong>Marie-Mai et Fred St-Gelais\u00a0<\/strong>est reparti quant \u00e0 lui avec le prix<strong>\u00a0Auteurs-compositeurs de l\u2019ann\u00e9e<\/strong>, marquant ses multiples succ\u00e8s dont un nombre imposant de chansons (5) list\u00e9es au Top 50 de la r\u00e9trospective 2013 du palmar\u00e8s BDS.<\/p>\n<p>Les cinq grands prix ont \u00e9t\u00e9 soulign\u00e9s par des troph\u00e9es \u00ab Le SOCAN \u00bb, le tout premier honneur de l\u2019industrie musical qui est \u00e0 la fois \u0153uvre d\u2019art et instrument de musique, d\u00e9velopp\u00e9 en partenariat avec SABIAN (du Nouveau Brunswick) et la Society Awards de New York.<\/p>\n<p>Soulignons \u00e9galement les 29<sup>e<\/sup>\u00a0et 30<sup>e<\/sup><strong>Classiques de la SOCAN<\/strong>\u00a0re\u00e7us par\u00a0<strong>Luc Plamondon<\/strong>, et qui en font l\u2019auteur le plus prim\u00e9 de l\u2019histoire du Gala de la SOCAN \u00e0 Montr\u00e9al.<\/p>\n<p>\u00ab\u00a0En cette p\u00e9riode de profonde mutation de l\u2019\u00e9cosyst\u00e8me musical, \u00e0 l\u2019heure o\u00f9 les d\u00e9fis \u00e0 relever sont nombreux et les changements constants, le Gala de la SOCAN nous permet, au-del\u00e0 de notre r\u00f4le de d\u00e9fenseurs des droits des cr\u00e9ateurs, de c\u00e9l\u00e9brer ces derniers et de souligner leurs r\u00e9ussites nombreuses, pass\u00e9es et pr\u00e9sentes. Encore plus en cette 25<sup>e<\/sup>\u00a0\u00e9dition, ce gala nous permet aussi de braquer les projecteurs sur les talents nouveaux, ceux qui fa\u00e7onneront l\u2019avenir et qui sont les cr\u00e9ateurs des succ\u00e8s de demain\u00a0\u00bb, a d\u00e9clar\u00e9 le chef de la direction de la SOCAN,\u00a0<strong>Eric Baptiste<\/strong>.<\/p>\n<p>Parmi les autres laur\u00e9ats de ce 25<sup>e<\/sup>\u00a0Gala de la SOCAN \u00e0 Montr\u00e9al, soulignons\u00a0<strong>Paul Dara\u00eeche<\/strong>, r\u00e9cipiendaire du prix\u00a0<strong><em>Chanson Country<\/em><\/strong>;\u00a0<strong>Kl\u00f4 Pelgag<\/strong>, qui a m\u00e9rit\u00e9 le prix<strong><em>R\u00e9v\u00e9lation<\/em><\/strong>;\u00a0<strong>Koriass<\/strong>, gagnant du prix<strong><em>\u00a0Musique urbaine<\/em><\/strong>;\u00a0<strong>Karim Ouellet<\/strong>, laur\u00e9at du prix\u00a0<strong><em>Musique en continu\u00a0<\/em><\/strong>et d\u2019un prix<strong><em>\u00a0Chanson populaire<\/em><\/strong>\u00a0(\u00ab\u00a0L\u2019amour\u00a0\u00bb);\u00a0<strong>Daniel B\u00e9langer<\/strong>, qui est le r\u00e9cipiendaire de quatre prix\u00a0<strong><em>Classiques\u00a0<\/em>SOCAN<\/strong>\u00a0(\u00ab\u00a0Ensorcel\u00e9e\u00a0\u00bb, \u00ab\u00a0La Folie en quatre\u00a0\u00bb, \u00ab\u00a0Opium\u00a0\u00bb et \u00ab\u00a0S\u00e8che tes pleurs\u00a0\u00bb) et d\u2019un prix\u00a0<strong><em>Chanson populaire<\/em><\/strong>\u00a0(\u00ab\u00a0Si tel est ton d\u00e9sir\u00a0\u00bb);\u00a0<strong>Marjo<\/strong>\u00a0et\u00a0<strong>Jean Milaire<\/strong>, qui se sont vus attribuer deux prix\u00a0<strong><em>Classiques<\/em>\u00a0SOCAN<\/strong>\u00a0(\u00ab\u00a0Je sais, je sais\u00a0\u00bb, \u00ab\u00a0Provocante\u00a0\u00bb);\u00a0<strong>Denis Gougeon<\/strong>, prix\u00a0<strong>Jan V. Matejcek<\/strong>;\u00a0<strong>Lorraine Klaasen<\/strong>, prix\u00a0<strong>Hagood Hardy<\/strong>; et enfin,\u00a0<strong>Le Festival d\u2019\u00e9t\u00e9 de Qu\u00e9bec<\/strong>, qui a re\u00e7u le prix\u00a0<strong><em>Partenaire en musique<\/em><\/strong>.<\/p>\n<p>Plusieurs autres \u00e9diteurs et cr\u00e9ateurs ont aussi \u00e9t\u00e9 r\u00e9compens\u00e9s \u00e0 l\u2019occasion de l\u2019\u00e9dition\u00a02014 Gala de la SOCAN, dont les auteurs-compositeurs des\u00a0<strong>plus grands\u00a0<em>hits<\/em>disco qu\u00e9b\u00e9cois anglophones des ann\u00e9es\u00a01970 et 1980<\/strong>\u00a0\u2013\u00a0devenus des<strong><em>Classiques SOCAN<\/em><\/strong>\u00a0\u2013 et d\u2019autres classiques ayant tourn\u00e9 plus de 25\u00a0000 fois \u00e0 la radio, ceux des chansons les plus populaires de l\u2019ann\u00e9e, ainsi que ceux de musiques de film et de t\u00e9l\u00e9vision.<\/p>\n<p>La SOCAN tient \u00e0 remercier chaleureusement ses partenaires\u00a0<strong>Donati Maisonneuve Avocats<\/strong>\u00a0et\u00a0<strong>Stingray<\/strong>.<\/p>\n<p><strong>Cliquer\u00a0<a title=\"\" href=\"http:\/\/www.socan.ca\/files\/pdf\/MTL-Winners%20List-FR-Formatted%20for%20Web.pdf\" target=\"_blank\" rel=\"noopener noreferrer\">ici<\/a>\u00a0pour une liste compl\u00e8te des laur\u00e9ats du 25<sup>e<\/sup>\u00a0Gala annuel de la SOCAN \u00e0 Montr\u00e9al.<\/strong><\/p>\n","protected":false},"excerpt":{"rendered":"<p>Half Moon Run, Ren\u00e9 Ang\u00e9lil, Michel B\u00e9langer, Georges Hamel, Marie-Mai and Fred St-Gelais honoured<\/p>\n","protected":false},"author":1,"featured_media":0,"comment_status":"open","ping_status":"open","sticky":false,"template":"","format":"standard","meta":{"_acf_changed":false,"footnotes":""},"categories":[242],"tags":[],"class_list":["post-3063","post","type-post","status-publish","format-standard","hentry","category-media-release"],"acf":[],"yoast_head":"<!-- This site is optimized with the Yoast SEO plugin v27.4 - https:\/\/yoast.com\/product\/yoast-seo-wordpress\/ -->\n<title>LE 25E GALA DE LA SOCAN \u00c0 MONTR\u00c9AL C\u00c9L\u00c8BRE CR\u00c9ATEURS ET \u00c9DITEURS DE MUSIQUE<\/title>\n<meta name=\"robots\" content=\"index, follow, max-snippet:-1, max-image-preview:large, max-video-preview:-1\" \/>\n<link rel=\"canonical\" href=\"https:\/\/www.socan.com\/fr\/25th-anniversary-socan-montreal-gala-celebrates-music-creators-and-publishers\/\" \/>\n<meta property=\"og:locale\" content=\"fr_FR\" \/>\n<meta property=\"og:locale:alternate\" content=\"en_US\" \/>\n<meta property=\"og:type\" content=\"article\" \/>\n<meta property=\"og:title\" content=\"LE 25E GALA DE LA SOCAN \u00c0 MONTR\u00c9AL C\u00c9L\u00c8BRE CR\u00c9ATEURS ET \u00c9DITEURS DE MUSIQUE\" \/>\n<meta property=\"og:description\" content=\"Half Moon Run, Ren\u00e9 Ang\u00e9lil, Michel B\u00e9langer, Georges Hamel, Marie-Mai and Fred St-Gelais honoured\" \/>\n<meta property=\"og:url\" content=\"https:\/\/www.socan.com\/fr\/25th-anniversary-socan-montreal-gala-celebrates-music-creators-and-publishers\/\" \/>\n<meta property=\"og:site_name\" content=\"SOCAN\" \/>\n<meta property=\"article:published_time\" content=\"2014-12-03T00:00:00+00:00\" \/>\n<meta property=\"article:modified_time\" content=\"2021-07-21T11:24:57+00:00\" \/>\n<meta name=\"twitter:card\" content=\"summary_large_image\" \/>\n<script type=\"application\/ld+json\" class=\"yoast-schema-graph\">{\"@context\":\"https:\\\/\\\/schema.org\",\"@graph\":[{\"@type\":\"Article\",\"@id\":\"https:\\\/\\\/www.socan.com\\\/25th-anniversary-socan-montreal-gala-celebrates-music-creators-and-publishers\\\/#article\",\"isPartOf\":{\"@id\":\"https:\\\/\\\/www.socan.com\\\/25th-anniversary-socan-montreal-gala-celebrates-music-creators-and-publishers\\\/\"},\"author\":{\"name\":\"admin-dev\",\"@id\":\"https:\\\/\\\/www.socan.com\\\/#\\\/schema\\\/person\\\/83e39de53215bff2f0b127fe4796c561\"},\"headline\":\"LE 25E GALA DE LA SOCAN \u00c0 MONTR\u00c9AL C\u00c9L\u00c8BRE CR\u00c9ATEURS ET \u00c9DITEURS DE MUSIQUE\",\"datePublished\":\"2014-12-03T00:00:00+00:00\",\"dateModified\":\"2021-07-21T11:24:57+00:00\",\"mainEntityOfPage\":{\"@id\":\"https:\\\/\\\/www.socan.com\\\/25th-anniversary-socan-montreal-gala-celebrates-music-creators-and-publishers\\\/\"},\"wordCount\":1560,\"commentCount\":0,\"articleSection\":[\"Media Releases\"],\"inLanguage\":\"fr-FR\",\"potentialAction\":[{\"@type\":\"CommentAction\",\"name\":\"Comment\",\"target\":[\"https:\\\/\\\/www.socan.com\\\/25th-anniversary-socan-montreal-gala-celebrates-music-creators-and-publishers\\\/#respond\"]}]},{\"@type\":\"WebPage\",\"@id\":\"https:\\\/\\\/www.socan.com\\\/25th-anniversary-socan-montreal-gala-celebrates-music-creators-and-publishers\\\/\",\"url\":\"https:\\\/\\\/www.socan.com\\\/25th-anniversary-socan-montreal-gala-celebrates-music-creators-and-publishers\\\/\",\"name\":\"LE 25E GALA DE LA SOCAN \u00c0 MONTR\u00c9AL C\u00c9L\u00c8BRE CR\u00c9ATEURS ET \u00c9DITEURS DE MUSIQUE\",\"isPartOf\":{\"@id\":\"https:\\\/\\\/www.socan.com\\\/#website\"},\"datePublished\":\"2014-12-03T00:00:00+00:00\",\"dateModified\":\"2021-07-21T11:24:57+00:00\",\"author\":{\"@id\":\"https:\\\/\\\/www.socan.com\\\/#\\\/schema\\\/person\\\/83e39de53215bff2f0b127fe4796c561\"},\"breadcrumb\":{\"@id\":\"https:\\\/\\\/www.socan.com\\\/25th-anniversary-socan-montreal-gala-celebrates-music-creators-and-publishers\\\/#breadcrumb\"},\"inLanguage\":\"fr-FR\",\"potentialAction\":[{\"@type\":\"ReadAction\",\"target\":[\"https:\\\/\\\/www.socan.com\\\/25th-anniversary-socan-montreal-gala-celebrates-music-creators-and-publishers\\\/\"]}]},{\"@type\":\"BreadcrumbList\",\"@id\":\"https:\\\/\\\/www.socan.com\\\/25th-anniversary-socan-montreal-gala-celebrates-music-creators-and-publishers\\\/#breadcrumb\",\"itemListElement\":[{\"@type\":\"ListItem\",\"position\":1,\"name\":\"Home\",\"item\":\"https:\\\/\\\/www.socan.com\\\/fr\\\/\"},{\"@type\":\"ListItem\",\"position\":2,\"name\":\"25th Anniversary SOCAN Montreal Gala Celebrates Music Creators and Publishers\"}]},{\"@type\":\"WebSite\",\"@id\":\"https:\\\/\\\/www.socan.com\\\/#website\",\"url\":\"https:\\\/\\\/www.socan.com\\\/\",\"name\":\"SOCAN\",\"description\":\"Gestion des droits\",\"potentialAction\":[{\"@type\":\"SearchAction\",\"target\":{\"@type\":\"EntryPoint\",\"urlTemplate\":\"https:\\\/\\\/www.socan.com\\\/?s={search_term_string}\"},\"query-input\":{\"@type\":\"PropertyValueSpecification\",\"valueRequired\":true,\"valueName\":\"search_term_string\"}}],\"inLanguage\":\"fr-FR\"},{\"@type\":\"Person\",\"@id\":\"https:\\\/\\\/www.socan.com\\\/#\\\/schema\\\/person\\\/83e39de53215bff2f0b127fe4796c561\",\"name\":\"admin-dev\",\"image\":{\"@type\":\"ImageObject\",\"inLanguage\":\"fr-FR\",\"@id\":\"https:\\\/\\\/secure.gravatar.com\\\/avatar\\\/3d56c2f1007807f89e73b5eacd06ca1b12ec6f2e68a01de8fc9a6e29d8c64c07?s=96&d=mm&r=g\",\"url\":\"https:\\\/\\\/secure.gravatar.com\\\/avatar\\\/3d56c2f1007807f89e73b5eacd06ca1b12ec6f2e68a01de8fc9a6e29d8c64c07?s=96&d=mm&r=g\",\"contentUrl\":\"https:\\\/\\\/secure.gravatar.com\\\/avatar\\\/3d56c2f1007807f89e73b5eacd06ca1b12ec6f2e68a01de8fc9a6e29d8c64c07?s=96&d=mm&r=g\",\"caption\":\"admin-dev\"},\"url\":\"https:\\\/\\\/www.socan.com\\\/fr\\\/author\\\/admin-dev\\\/\"}]}<\/script>\n<!-- \/ Yoast SEO plugin. -->","yoast_head_json":{"title":"LE 25E GALA DE LA SOCAN \u00c0 MONTR\u00c9AL C\u00c9L\u00c8BRE CR\u00c9ATEURS ET \u00c9DITEURS DE MUSIQUE","robots":{"index":"index","follow":"follow","max-snippet":"max-snippet:-1","max-image-preview":"max-image-preview:large","max-video-preview":"max-video-preview:-1"},"canonical":"https:\/\/www.socan.com\/fr\/25th-anniversary-socan-montreal-gala-celebrates-music-creators-and-publishers\/","og_locale":"fr_FR","og_type":"article","og_title":"[:en]25th Anniversary SOCAN Montreal Gala Celebrates Music Creators and Publishers[:fr]LE 25E GALA DE LA SOCAN \u00c0 MONTR\u00c9AL C\u00c9L\u00c8BRE CR\u00c9ATEURS ET \u00c9DITEURS DE MUSIQUE[:] - SOCAN","og_description":"Half Moon Run, Ren\u00e9 Ang\u00e9lil, Michel B\u00e9langer, Georges Hamel, Marie-Mai and Fred St-Gelais honoured","og_url":"https:\/\/www.socan.com\/fr\/25th-anniversary-socan-montreal-gala-celebrates-music-creators-and-publishers\/","og_site_name":"SOCAN","article_published_time":"2014-12-03T00:00:00+00:00","article_modified_time":"2021-07-21T11:24:57+00:00","twitter_card":"summary_large_image","schema":{"@context":"https:\/\/schema.org","@graph":[{"@type":"Article","@id":"https:\/\/www.socan.com\/25th-anniversary-socan-montreal-gala-celebrates-music-creators-and-publishers\/#article","isPartOf":{"@id":"https:\/\/www.socan.com\/25th-anniversary-socan-montreal-gala-celebrates-music-creators-and-publishers\/"},"author":{"name":"admin-dev","@id":"https:\/\/www.socan.com\/#\/schema\/person\/83e39de53215bff2f0b127fe4796c561"},"headline":"LE 25E GALA DE LA SOCAN \u00c0 MONTR\u00c9AL C\u00c9L\u00c8BRE CR\u00c9ATEURS ET \u00c9DITEURS DE MUSIQUE","datePublished":"2014-12-03T00:00:00+00:00","dateModified":"2021-07-21T11:24:57+00:00","mainEntityOfPage":{"@id":"https:\/\/www.socan.com\/25th-anniversary-socan-montreal-gala-celebrates-music-creators-and-publishers\/"},"wordCount":1560,"commentCount":0,"articleSection":["Media Releases"],"inLanguage":"fr-FR","potentialAction":[{"@type":"CommentAction","name":"Comment","target":["https:\/\/www.socan.com\/25th-anniversary-socan-montreal-gala-celebrates-music-creators-and-publishers\/#respond"]}]},{"@type":"WebPage","@id":"https:\/\/www.socan.com\/25th-anniversary-socan-montreal-gala-celebrates-music-creators-and-publishers\/","url":"https:\/\/www.socan.com\/25th-anniversary-socan-montreal-gala-celebrates-music-creators-and-publishers\/","name":"LE 25E GALA DE LA SOCAN \u00c0 MONTR\u00c9AL C\u00c9L\u00c8BRE CR\u00c9ATEURS ET \u00c9DITEURS DE MUSIQUE","isPartOf":{"@id":"https:\/\/www.socan.com\/#website"},"datePublished":"2014-12-03T00:00:00+00:00","dateModified":"2021-07-21T11:24:57+00:00","author":{"@id":"https:\/\/www.socan.com\/#\/schema\/person\/83e39de53215bff2f0b127fe4796c561"},"breadcrumb":{"@id":"https:\/\/www.socan.com\/25th-anniversary-socan-montreal-gala-celebrates-music-creators-and-publishers\/#breadcrumb"},"inLanguage":"fr-FR","potentialAction":[{"@type":"ReadAction","target":["https:\/\/www.socan.com\/25th-anniversary-socan-montreal-gala-celebrates-music-creators-and-publishers\/"]}]},{"@type":"BreadcrumbList","@id":"https:\/\/www.socan.com\/25th-anniversary-socan-montreal-gala-celebrates-music-creators-and-publishers\/#breadcrumb","itemListElement":[{"@type":"ListItem","position":1,"name":"Home","item":"https:\/\/www.socan.com\/fr\/"},{"@type":"ListItem","position":2,"name":"25th Anniversary SOCAN Montreal Gala Celebrates Music Creators and Publishers"}]},{"@type":"WebSite","@id":"https:\/\/www.socan.com\/#website","url":"https:\/\/www.socan.com\/","name":"SOCAN","description":"Gestion des droits","potentialAction":[{"@type":"SearchAction","target":{"@type":"EntryPoint","urlTemplate":"https:\/\/www.socan.com\/?s={search_term_string}"},"query-input":{"@type":"PropertyValueSpecification","valueRequired":true,"valueName":"search_term_string"}}],"inLanguage":"fr-FR"},{"@type":"Person","@id":"https:\/\/www.socan.com\/#\/schema\/person\/83e39de53215bff2f0b127fe4796c561","name":"admin-dev","image":{"@type":"ImageObject","inLanguage":"fr-FR","@id":"https:\/\/secure.gravatar.com\/avatar\/3d56c2f1007807f89e73b5eacd06ca1b12ec6f2e68a01de8fc9a6e29d8c64c07?s=96&d=mm&r=g","url":"https:\/\/secure.gravatar.com\/avatar\/3d56c2f1007807f89e73b5eacd06ca1b12ec6f2e68a01de8fc9a6e29d8c64c07?s=96&d=mm&r=g","contentUrl":"https:\/\/secure.gravatar.com\/avatar\/3d56c2f1007807f89e73b5eacd06ca1b12ec6f2e68a01de8fc9a6e29d8c64c07?s=96&d=mm&r=g","caption":"admin-dev"},"url":"https:\/\/www.socan.com\/fr\/author\/admin-dev\/"}]}},"_links":{"self":[{"href":"https:\/\/www.socan.com\/fr\/wp-json\/wp\/v2\/posts\/3063","targetHints":{"allow":["GET"]}}],"collection":[{"href":"https:\/\/www.socan.com\/fr\/wp-json\/wp\/v2\/posts"}],"about":[{"href":"https:\/\/www.socan.com\/fr\/wp-json\/wp\/v2\/types\/post"}],"author":[{"embeddable":true,"href":"https:\/\/www.socan.com\/fr\/wp-json\/wp\/v2\/users\/1"}],"replies":[{"embeddable":true,"href":"https:\/\/www.socan.com\/fr\/wp-json\/wp\/v2\/comments?post=3063"}],"version-history":[{"count":0,"href":"https:\/\/www.socan.com\/fr\/wp-json\/wp\/v2\/posts\/3063\/revisions"}],"wp:attachment":[{"href":"https:\/\/www.socan.com\/fr\/wp-json\/wp\/v2\/media?parent=3063"}],"wp:term":[{"taxonomy":"category","embeddable":true,"href":"https:\/\/www.socan.com\/fr\/wp-json\/wp\/v2\/categories?post=3063"},{"taxonomy":"post_tag","embeddable":true,"href":"https:\/\/www.socan.com\/fr\/wp-json\/wp\/v2\/tags?post=3063"}],"curies":[{"name":"wp","href":"https:\/\/api.w.org\/{rel}","templated":true}]}}