
{"id":13647,"date":"2023-05-07T18:00:58","date_gmt":"2023-05-07T22:00:58","guid":{"rendered":"https:\/\/socan50.wpengine.com\/?p=13647"},"modified":"2023-05-07T17:24:12","modified_gmt":"2023-05-07T21:24:12","slug":"the-33rd-annual-socan-gala-in-montreal-honours-the-incredible-talent-of-music-creators-and-publishers-with-celebration-for-the-ages","status":"publish","type":"post","link":"https:\/\/www.socan.com\/fr\/the-33rd-annual-socan-gala-in-montreal-honours-the-incredible-talent-of-music-creators-and-publishers-with-celebration-for-the-ages\/","title":{"rendered":"Gala SOCAN \u00e0 Montr\u00e9al : une 33e \u00e9dition m\u00e9morable sous le signe de la c\u00e9l\u00e9bration du talent des cr\u00e9ateurs et \u00e9diteurs de musique"},"content":{"rendered":"<p><strong>Montr\u00e9al, le 7 mai 2023<\/strong> \u2014 C\u2019\u00e9tait le grand retour du Gala SOCAN \u00e0 Montr\u00e9al le 7 mai 2023 \u00e0 la TOHU. Un parterre constitu\u00e9 des meilleurs auteurs-compositeurs, compositeurs de musique \u00e0 l\u2019image, \u00e9diteurs de musique et acteurs importants de l\u2019\u00e9cosyst\u00e8me musical se sont r\u00e9unis pour c\u00e9l\u00e9brer la 33<sup>e<\/sup> \u00e9dition du Gala SOCAN durant laquelle plus de 100 troph\u00e9es ont \u00e9t\u00e9 remis afin de souligner le talent cr\u00e9atif qu\u00e9b\u00e9cois des deux derni\u00e8res ann\u00e9es.<\/p>\n<p>Anim\u00e9 avec glamour et humour par la flamboyante drag queen <strong>Barbada<\/strong>, cette \u00e9dition du gala de la SOCAN a d\u00e9marr\u00e9 sous le signe de l\u2019\u00e9motion gr\u00e2ce \u00e0 une interpr\u00e9tation tout en puissance et en sensibilit\u00e9 de la part de <strong>Jeanick Fournier<\/strong>\u00a0de l\u2019ind\u00e9modable \u00ab\u00a0<strong>Un peu plus haut, un peu plus loin<\/strong>\u00a0\u00bb, Prix Empreinte culturelle remis cette ann\u00e9e au grand <strong>Jean-Pierre Ferland<\/strong>.<\/p>\n<p>Plusieurs autres Prix Distinctions ont \u00e9t\u00e9 d\u00e9cern\u00e9s durant le gala, dont le Prix Hommage de la SOCAN remis \u00e0 <strong>Ginette Reno<\/strong> pour l\u2019ensemble de sa carri\u00e8re; le Prix Excellence au grand <strong>Plume Latraverse<\/strong>; les prix Auteur-Compositeur (interpr\u00e8te) et Auteur-Compositeur (non-interpr\u00e8te) ont \u00e9t\u00e9 d\u00e9cern\u00e9s respectivement \u00e0 deux tandems cr\u00e9atifs \u00e0 succ\u00e8s, soit <strong>Roxane Bruneau<\/strong> et <strong>Mathieu Brisset<\/strong> ainsi que le duo de \u00ab hitmakers \u00bb <strong>Banx &#038; Ranx<\/strong>; le Prix Compositeur de musique \u00e0 l\u2019image \u00e9t\u00e9 remis \u00e0 deux cr\u00e9ateurs exceptionnels : <strong>Nathalie Bonin<\/strong> et <strong>Cristobal Tapia de Veer<\/strong>, qui ont collectionn\u00e9 les succ\u00e8s et les prix pour leur travail de composition pour le petit et le grand \u00e9cran au cours des deux derni\u00e8res ann\u00e9es; le Prix \u00c9diteur est all\u00e9 \u00e0 <strong>Bloc Notes Music Publishing<\/strong>, une maison d\u2019\u00e9dition remarquable dans l\u2019\u00e9cosyst\u00e8me qu\u00e9b\u00e9cois et canadien; alors que le Prix International a \u00e9t\u00e9 d\u00e9cern\u00e9 au duo de producteurs musicaux montr\u00e9alais <strong>Demy &#038; Clipz<\/strong>, responsables, entre autres, du hit mondial \u00ab La Corriente \u00bb de la m\u00e9gastar prim\u00e9e aux Grammys, Bad Bunny.<\/p>\n<p>\u00ab\u2009Cette 33<sup>e<\/sup> \u00e9dition du Gala SOCAN a \u00e9t\u00e9 l\u2019image de nos importants membres\u00a0qu\u00e9b\u00e9cois : \u00e9mouvante, cr\u00e9ative et bourr\u00e9e de talent \u00bb, a d\u00e9clar\u00e9 la chef de la direction de la SOCAN, <strong>Jennifer Brown<\/strong>. \u00ab\u2009La communaut\u00e9 musicale qu\u00e9b\u00e9coise est dynamique et talentueuse et elle doit continuer de prosp\u00e9rer. La SOCAN reconna\u00eet et comprend les d\u00e9fis sp\u00e9cifiques qu&rsquo;elle doit surmonter. Et nous sommes enti\u00e8rement d\u00e9vou\u00e9s \u00e0 notre mission : octroyer des licences pour l\u2019utilisation de la musique de nos membres, percevoir l\u2019argent qui leur revient et leur remettre les redevances qu&rsquo;ils ont gagn\u00e9es pour leur travail. Nous sommes convaincus qu\u2019ensemble, nous pouvons faire de grandes choses. Plus que jamais, la SOCAN est fi\u00e8re d\u2019\u00eatre une pi\u00e8ce maitresse dans le si dynamique \u00e9cosyst\u00e8me musical du Qu\u00e9bec et \u0153uvre passionn\u00e9ment pour sa r\u00e9ussite durable. \u00bb<\/p>\n<p><strong>Des performances \u00e9poustouflantes et des Classiques de la SOCAN<\/strong><\/p>\n<p>Plusieurs prestations musicales ont ponctu\u00e9 le gala de moments uniques et touchants. Parmi celles-ci, mentionnons <strong>Mara Tremblay<\/strong>, <strong>Catherine Durand<\/strong>, <strong>Marie-Pierre Arthur<\/strong> et <strong>Martin Deschamps<\/strong>, qui ont uni leurs voix pour rendre hommage \u00e0 Plume Latraverse en interpr\u00e9tant plusieurs extraits de ses chansons les plus embl\u00e9matiques; <strong>Ines Talbi<\/strong>, <strong>Marie-Denise Pelletier<\/strong> et <strong>Lunou Zucchini<\/strong> se sont charg\u00e9es, avec respect et humilit\u00e9, de rappeler \u00e0 quel point <strong>Ginette Reno<\/strong> a marqu\u00e9 le Qu\u00e9bec avec ses plus grandes chansons; l\u2019excellente formation cam\u00e9l\u00e9on <strong>Qualit\u00e9 Motel<\/strong> a offert un audacieux medley en adaptant \u00e0 leur sauce musicale singuli\u00e8re une s\u00e9lection d\u2019\u0153uvres r\u00e9cipiendaires de prix des diff\u00e9rentes cat\u00e9gories d\u00e9di\u00e9es \u00e0 la musique \u00e0 l\u2019image; alors que <strong>Pierre Kwenders<\/strong>, <strong>Ingrid St-Pierre<\/strong> et <strong>St\u00e9phanie St-Jean <\/strong>ont rendu hommage \u00e0 <strong>Paul Pich\u00e9<\/strong>, intronis\u00e9 au Panth\u00e9on des auteurs-compositeurs canadiens lors du Gala SOCAN, pour le plus grand plaisir du principal int\u00e9ress\u00e9 et des invit\u00e9s pr\u00e9sents. La direction musicale du Gala SOCAN 2023 \u00e9tait assur\u00e9e par la talentueuse <strong>Chlo\u00e9 Lacasse<\/strong>.<\/p>\n<p>Cette ann\u00e9e marquait \u00e9galement le retour de la c\u00e9l\u00e9bration des Classiques de la SOCAN<a href=\"#_ftn1\" name=\"_ftnref1\">[1]<\/a> qui ont salu\u00e9 les chansons \u00ab Toune d\u2019automne \u00bb des <strong>Cowboys Fringants<\/strong>, \u00ab Parce qu\u2019on vient de loin \u00bb de <strong>Corneille<\/strong>, \u00ab La D\u00e9sise \u00bb de <strong>Daniel Boucher<\/strong>, \u00ab Point de mire \u00bb d\u2019<strong>Ariane Moffatt<\/strong>, \u00ab Balade \u00e0 Toronto \u00bb de <strong>Jean Leloup<\/strong>, \u00ab R\u00eaver mieux \u00bb de <strong>Daniel B\u00e9langer<\/strong>, \u00ab Amalgame \u00bb des <strong>Respectables<\/strong>, et \u00ab On jase de toi \u00bb de <strong>Noir Silence<\/strong>.<\/p>\n<p>&nbsp;<\/p>\n<p>&nbsp;<\/p>\n<p><strong>Des Prix Sp\u00e9ciaux<\/strong><\/p>\n<p>Du c\u00f4t\u00e9 des cat\u00e9gories musicales sp\u00e9cialis\u00e9es, regroup\u00e9es sous l\u2019appellation Prix Sp\u00e9ciaux de la SOCAN, la musique globale \u00e9tait \u00e0 l\u2019honneur avec le Prix Hagood Hardy remis \u00e0 <strong>Pierre Kwenders\u2009<\/strong>; le Prix Jan V. Matejcek en nouvelle musique classique a \u00e9t\u00e9 d\u00e9cern\u00e9 \u00e0 <strong>Linda Bouchard <\/strong>; le Prix Musique country a \u00e9t\u00e9 attribu\u00e9 \u00e0 l\u2019\u00e9nergique <strong>Sara Dufour\u2009<\/strong>; l\u2019intrigante <strong>Ouri<\/strong> a rafl\u00e9 le Prix Musique \u00e9lectronique\u2009; le v\u00e9t\u00e9ran <strong>Souldia<\/strong> s\u2019est m\u00e9rit\u00e9 le Prix Musique Hip-Hop; le Prix Musique Virale, pr\u00e9sent\u00e9e par <strong>Gowling WLG<\/strong>, est all\u00e9 \u00e0 <strong>Patrick Watson<\/strong> pour sa chanson \u00ab\u00a0Je te laisserai des mots\u00a0\u00bb qui a cumul\u00e9 plus de 4,8 milliards de visionnement \u00e0 l&rsquo;\u00e9chelle mondiale sur TikTok; le Prix R\u00e9v\u00e9lation a \u00e9t\u00e9 remis, ex-aequo, \u00e0 la sensation dance <strong>R\u00eave<\/strong> et \u00e0 l\u2019\u00e9toile montante <strong>Jay Sc\u00f8tt<\/strong>; enfin, le Prix Compositeur de musique \u00e0 l\u2019image \u2013 R\u00e9v\u00e9lation (remis pour la premi\u00e8re fois) est all\u00e9 \u00e0 la talentueuse <strong>Ana\u00efs Larocque<\/strong>.<\/p>\n<p><strong>Chansons populaires et musique \u00e0 l\u2019image <\/strong><\/p>\n<p>En tout, onze Prix Chansons populaires ont \u00e9t\u00e9 remis au cours de la soir\u00e9e aux auteurs-compositeurs et \u00e9diteurs des chansons francophones les plus entendues en 2021 et 2022, soit \u00ab\u2009<strong>\u00c0 ma mani\u00e8re<\/strong>\u2009\u00bb, \u00ab\u2009<strong>Si jamais on me cherche<\/strong>\u2009\u00bb, \u00ab\u00a0<strong>Gu\u00e9rir nos m\u00e9moires <\/strong>\u00bb, \u00ab\u00a0<strong>Copilote<\/strong>\u00a0\u00bb, \u00ab<strong>\u00a0Tok\u00e9bakicitte<\/strong>\u00a0\u00bb, \u00ab<strong>\u00a0L&rsquo;\u00e9cho<\/strong><strong>\u00a0<\/strong>\u00bb, \u00a0\u00a0\u00a0\u00a0\u00a0\u00a0\u00a0\u00a0\u00a0\u00a0\u00a0\u00a0\u00ab <strong>T&rsquo;es belle<\/strong>\u00a0\u00bb, \u00ab\u00a0<strong>O\u00f9 sera le monde? <\/strong>\u00bb, \u00ab\u00a0<strong>Je suis comme toi <\/strong>\u00bb, \u00ab\u00a0<strong>Elle n&rsquo;entend plus battre son c\u0153ur<\/strong>\u00a0\u00bb et \u00ab\u00a0<strong>Vous \u00eates ici<\/strong>\u00a0\u00bb. Deux Prix Chansons populaires anglophones ont \u00e9t\u00e9 d\u00e9cern\u00e9s \u00e0 \u00ab\u00a0<strong>Flowers Need Rain<\/strong>\u00a0\u00bb, interpr\u00e9t\u00e9e par <strong>Preston Pablo<\/strong> et <strong>Banx &#038; Ranx<\/strong> et \u00ab\u00a0<strong>Lost<\/strong>\u00a0\u00bb, interpr\u00e9t\u00e9e par <strong>Jonathan Roy<\/strong>. Enfin, le Prix Chanson Internationale est all\u00e9 \u00e0 \u00ab\u00a0<strong>Tu t\u2019en iras<\/strong>\u00a0\u00bb, co\u00e9crite par <strong>La Zarra<\/strong>, <strong>Zacharie \u201cSoke\u201d Raymond<\/strong>, <strong>Yannick \u201cKny Factory\u201d Rastogi<\/strong> et <strong>Benny Adam<\/strong>.<\/p>\n<p>Le gala a \u00e9galement permis de souligner le pr\u00e9cieux talent des compositeurs et \u00e9diteurs de musique pour le petit et le grand \u00e9cran. Ainsi, parmi les laur\u00e9ats de la soir\u00e9e, <strong>Michel Cusson<\/strong> est reparti avec deux prix, un pour son travail conjoint avec <strong>Miklos Simpson<\/strong> sur \u00ab\u00a0District 31\u00a0\u00bb dans la cat\u00e9gorie Fiction ou s\u00e9rie dramatique, l\u2019autre pour \u00ab\u00a0Unit\u00e9 9\u00a0\u00bb dans la cat\u00e9gorie Musique de t\u00e9l\u00e9vision \u2013 International. Soulignons \u00e9galement que les compositeurs <strong>Jason Sharp<\/strong> (<em>The Decline<\/em>), <strong>Tim Rideout<\/strong> (<em>L\u2019\u00e9chapp\u00e9e<\/em>), <strong>Luc Pronovost<\/strong> (<em>Destination Ski<\/em>), <strong>Nicolas Savard-L\u2019Herbier<\/strong> (<em>Cochon Dingue<\/em>), et <strong>Raphael Reed<\/strong> (pour le film <em>Crisis<\/em>) sont tous repartis avec des troph\u00e9es soulignant leur apport inestimable \u00e0 ces productions.<\/p>\n<p>Enfin, le Prix Postsynchronisation, remis pour la premi\u00e8re fois et d\u00e9cern\u00e9 au client de la SOCAN &#8211; droit de reproduction, dont les \u0153uvres ont fait l&rsquo;objet du plus grand nombre de reproductions postsynchronisation sur les plateformes audiovisuelles num\u00e9riques ou traditionnelles en 2021 est all\u00e9 au compositeur <strong>Philippe Leduc<\/strong>.<\/p>\n<p><strong>\u00a0<\/strong><\/p>\n<p><strong>Prix Partenaire en musique<\/strong><\/p>\n<p>Enfin, l\u2019apport essentiel des entreprises ou organismes licenci\u00e9s par la SOCAN afin d\u2019utiliser la musique de mani\u00e8re \u00e9quitable et juste a \u00e9t\u00e9 soulign\u00e9 par le Prix Partenaire en musique remis cette ann\u00e9e \u00e0 <strong>T\u00e9l\u00e9-Qu\u00e9bec<\/strong> et <strong>Sph\u00e8re M\u00e9dia<\/strong> pour l\u2019indispensable \u00e9mission <strong>Belle et Bum<\/strong> pour son engagement continu \u00e0 faire briller une rel\u00e8ve musicale diversifi\u00e9e et qui a c\u00e9l\u00e9br\u00e9 sa 20<sup>e<\/sup> saison cette ann\u00e9e.<\/p>\n<p>&nbsp;<\/p>\n<p><strong>Pour tout savoir sur la 33<sup>e<\/sup> \u00e9dition du Gala SOCAN, visitez le <\/strong><a href=\"https:\/\/www.galasocan.com\/gagnants\/\"><strong>galasocan.com<\/strong><\/a><\/p>\n<p><strong>\u00a0<\/strong><\/p>\n<p><strong>\u00c0 propos de la SOCAN<br \/>\n<\/strong>La SOCAN est une organisation de gestion de droits qui est le trait d\u2019union entre plus de quatre millions de cr\u00e9ateurs partout dans le monde et plus d\u2019un quart de million d\u2019entreprises et d\u2019individus, uniquement au Canada. Son effectif de membres compte plus de 180\u2009000 auteurs, compositeurs et \u00e9diteurs de musique, tandis que plus de 100\u2009000 entreprises de partout au Canada d\u00e9tiennent une licence \u00ab Autoris\u00e9 \u00e0 vous divertir \u00bb. Gr\u00e2ce \u00e0 son utilisation concert\u00e9e de technologies de pointe et de donn\u00e9es uniques, la SOCAN se d\u00e9voue \u00e0 la d\u00e9fense d\u2019une v\u00e9rit\u00e9 fondamentale : la musique a une valeur et les cr\u00e9ateurs et \u00e9diteurs m\u00e9ritent d\u2019\u00eatre r\u00e9mun\u00e9r\u00e9s \u00e9quitablement pour leur travail. Pour en savoir plus : <a href=\"https:\/\/www.socan.com\">www.socan.com<\/a><\/p>\n<p><strong>\u00a0<\/strong><\/p>\n<p><strong>Contacts m\u00e9dia\u00a0:<br \/>\nRoy &#038; Turner Communications<\/strong> (pour la SOCAN): Marie-France C\u00f4t\u00e9, 514\u00a0705-9672, <a href=\"mailto:mfcote@roy-turner.com\">mfcote@roy-turner.com<\/a> \u00a0<u><br \/>\n<\/u><strong>SOCAN\u00a0: <\/strong>Eric Parazelli, 514\u00a0844-8377 poste\u00a04934, <a href=\"mailto:%20eric.parazelli@socan.com\">eric.parazelli@socan.com<\/a><\/p>\n<p><a href=\"#_ftnref1\" name=\"_ftn1\">[1]<\/a>Au Qu\u00e9bec, une chanson est sacr\u00e9e Classique de la SOCAN lorsqu\u2019elle d\u00e9passe le cap des 25\u2009000\u00a0ex\u00e9cutions \u00e0 la radio sur une p\u00e9riode d\u2019au moins 20\u00a0ans.<\/p>\n","protected":false},"excerpt":{"rendered":"<p>Plus de 100 troph\u00e9es dans 27 cat\u00e9gories ont \u00e9t\u00e9 remis. Parmi les laur\u00e9ats : Jean-Pierre Ferland, Ginette Reno, Plume, Jean Leloup, Roxane Bruneau, Banx &#038; Ranx, Cristobal Tapia de Veer, Nathalie Bonin, Bloc Notes Music Publishing, FouKi &#038; Jay Sc\u00f8tt, C\u0153ur de pirate, Vincent Valli\u00e8res, La Zarra, Les Cowboys Fringants, Daniel B\u00e9langer, Souldia, Pierre Kwenders et plusieurs autres!<\/p>\n","protected":false},"author":13,"featured_media":0,"comment_status":"closed","ping_status":"closed","sticky":false,"template":"","format":"standard","meta":{"_acf_changed":false,"footnotes":""},"categories":[242],"tags":[],"class_list":["post-13647","post","type-post","status-publish","format-standard","hentry","category-media-release"],"acf":[],"yoast_head":"<!-- This site is optimized with the Yoast SEO plugin v27.4 - https:\/\/yoast.com\/product\/yoast-seo-wordpress\/ -->\n<title>Gala SOCAN \u00e0 Montr\u00e9al : une 33e \u00e9dition m\u00e9morable sous le signe de la c\u00e9l\u00e9bration du talent des cr\u00e9ateurs et \u00e9diteurs de musique<\/title>\n<meta name=\"robots\" content=\"index, follow, max-snippet:-1, max-image-preview:large, max-video-preview:-1\" \/>\n<link rel=\"canonical\" href=\"https:\/\/www.socan.com\/fr\/the-33rd-annual-socan-gala-in-montreal-honours-the-incredible-talent-of-music-creators-and-publishers-with-celebration-for-the-ages\/\" \/>\n<meta property=\"og:locale\" content=\"fr_FR\" \/>\n<meta property=\"og:locale:alternate\" content=\"en_US\" \/>\n<meta property=\"og:type\" content=\"article\" \/>\n<meta property=\"og:title\" content=\"Gala SOCAN \u00e0 Montr\u00e9al : une 33e \u00e9dition m\u00e9morable sous le signe de la c\u00e9l\u00e9bration du talent des cr\u00e9ateurs et \u00e9diteurs de musique\" \/>\n<meta property=\"og:description\" content=\"Plus de 100 troph\u00e9es dans 27 cat\u00e9gories ont \u00e9t\u00e9 remis. Parmi les laur\u00e9ats : Jean-Pierre Ferland, Ginette Reno, Plume, Jean Leloup, Roxane Bruneau, Banx &amp; Ranx, Cristobal Tapia de Veer, Nathalie Bonin, Bloc Notes Music Publishing, FouKi &amp; Jay Sc\u00f8tt, C\u0153ur de pirate, Vincent Valli\u00e8res, La Zarra, Les Cowboys Fringants, Daniel B\u00e9langer, Souldia, Pierre Kwenders et plusieurs autres!\" \/>\n<meta property=\"og:url\" content=\"https:\/\/www.socan.com\/fr\/the-33rd-annual-socan-gala-in-montreal-honours-the-incredible-talent-of-music-creators-and-publishers-with-celebration-for-the-ages\/\" \/>\n<meta property=\"og:site_name\" content=\"SOCAN\" \/>\n<meta property=\"article:published_time\" content=\"2023-05-07T22:00:58+00:00\" \/>\n<meta name=\"twitter:card\" content=\"summary_large_image\" \/>\n<script type=\"application\/ld+json\" class=\"yoast-schema-graph\">{\"@context\":\"https:\\\/\\\/schema.org\",\"@graph\":[{\"@type\":\"Article\",\"@id\":\"https:\\\/\\\/www.socan.com\\\/the-33rd-annual-socan-gala-in-montreal-honours-the-incredible-talent-of-music-creators-and-publishers-with-celebration-for-the-ages\\\/#article\",\"isPartOf\":{\"@id\":\"https:\\\/\\\/www.socan.com\\\/the-33rd-annual-socan-gala-in-montreal-honours-the-incredible-talent-of-music-creators-and-publishers-with-celebration-for-the-ages\\\/\"},\"author\":{\"name\":\"Amal Itani\",\"@id\":\"https:\\\/\\\/www.socan.com\\\/#\\\/schema\\\/person\\\/5156123b2e75b32a7160afd6527793c0\"},\"headline\":\"Gala SOCAN \u00e0 Montr\u00e9al : une 33e \u00e9dition m\u00e9morable sous le signe de la c\u00e9l\u00e9bration du talent des cr\u00e9ateurs et \u00e9diteurs de musique\",\"datePublished\":\"2023-05-07T22:00:58+00:00\",\"mainEntityOfPage\":{\"@id\":\"https:\\\/\\\/www.socan.com\\\/the-33rd-annual-socan-gala-in-montreal-honours-the-incredible-talent-of-music-creators-and-publishers-with-celebration-for-the-ages\\\/\"},\"wordCount\":1517,\"articleSection\":[\"Media Releases\"],\"inLanguage\":\"fr-FR\"},{\"@type\":\"WebPage\",\"@id\":\"https:\\\/\\\/www.socan.com\\\/the-33rd-annual-socan-gala-in-montreal-honours-the-incredible-talent-of-music-creators-and-publishers-with-celebration-for-the-ages\\\/\",\"url\":\"https:\\\/\\\/www.socan.com\\\/the-33rd-annual-socan-gala-in-montreal-honours-the-incredible-talent-of-music-creators-and-publishers-with-celebration-for-the-ages\\\/\",\"name\":\"Gala SOCAN \u00e0 Montr\u00e9al : une 33e \u00e9dition m\u00e9morable sous le signe de la c\u00e9l\u00e9bration du talent des cr\u00e9ateurs et \u00e9diteurs de musique\",\"isPartOf\":{\"@id\":\"https:\\\/\\\/www.socan.com\\\/#website\"},\"datePublished\":\"2023-05-07T22:00:58+00:00\",\"author\":{\"@id\":\"https:\\\/\\\/www.socan.com\\\/#\\\/schema\\\/person\\\/5156123b2e75b32a7160afd6527793c0\"},\"breadcrumb\":{\"@id\":\"https:\\\/\\\/www.socan.com\\\/the-33rd-annual-socan-gala-in-montreal-honours-the-incredible-talent-of-music-creators-and-publishers-with-celebration-for-the-ages\\\/#breadcrumb\"},\"inLanguage\":\"fr-FR\",\"potentialAction\":[{\"@type\":\"ReadAction\",\"target\":[\"https:\\\/\\\/www.socan.com\\\/the-33rd-annual-socan-gala-in-montreal-honours-the-incredible-talent-of-music-creators-and-publishers-with-celebration-for-the-ages\\\/\"]}]},{\"@type\":\"BreadcrumbList\",\"@id\":\"https:\\\/\\\/www.socan.com\\\/the-33rd-annual-socan-gala-in-montreal-honours-the-incredible-talent-of-music-creators-and-publishers-with-celebration-for-the-ages\\\/#breadcrumb\",\"itemListElement\":[{\"@type\":\"ListItem\",\"position\":1,\"name\":\"Home\",\"item\":\"https:\\\/\\\/www.socan.com\\\/fr\\\/\"},{\"@type\":\"ListItem\",\"position\":2,\"name\":\"Gala SOCAN \u00e0 Montr\u00e9al : une 33e \u00e9dition m\u00e9morable sous le signe de la c\u00e9l\u00e9bration du talent des cr\u00e9ateurs et \u00e9diteurs de musique\"}]},{\"@type\":\"WebSite\",\"@id\":\"https:\\\/\\\/www.socan.com\\\/#website\",\"url\":\"https:\\\/\\\/www.socan.com\\\/\",\"name\":\"SOCAN\",\"description\":\"Gestion des droits\",\"potentialAction\":[{\"@type\":\"SearchAction\",\"target\":{\"@type\":\"EntryPoint\",\"urlTemplate\":\"https:\\\/\\\/www.socan.com\\\/?s={search_term_string}\"},\"query-input\":{\"@type\":\"PropertyValueSpecification\",\"valueRequired\":true,\"valueName\":\"search_term_string\"}}],\"inLanguage\":\"fr-FR\"},{\"@type\":\"Person\",\"@id\":\"https:\\\/\\\/www.socan.com\\\/#\\\/schema\\\/person\\\/5156123b2e75b32a7160afd6527793c0\",\"name\":\"Amal Itani\",\"image\":{\"@type\":\"ImageObject\",\"inLanguage\":\"fr-FR\",\"@id\":\"https:\\\/\\\/secure.gravatar.com\\\/avatar\\\/cc8ffa7e3a63084ed7be2166dc4402cab68344de7216da5882e654c669b1bbb0?s=96&d=mm&r=g\",\"url\":\"https:\\\/\\\/secure.gravatar.com\\\/avatar\\\/cc8ffa7e3a63084ed7be2166dc4402cab68344de7216da5882e654c669b1bbb0?s=96&d=mm&r=g\",\"contentUrl\":\"https:\\\/\\\/secure.gravatar.com\\\/avatar\\\/cc8ffa7e3a63084ed7be2166dc4402cab68344de7216da5882e654c669b1bbb0?s=96&d=mm&r=g\",\"caption\":\"Amal Itani\"},\"url\":\"https:\\\/\\\/www.socan.com\\\/fr\\\/author\\\/itaniasocan-com\\\/\"}]}<\/script>\n<!-- \/ Yoast SEO plugin. -->","yoast_head_json":{"title":"Gala SOCAN \u00e0 Montr\u00e9al : une 33e \u00e9dition m\u00e9morable sous le signe de la c\u00e9l\u00e9bration du talent des cr\u00e9ateurs et \u00e9diteurs de musique","robots":{"index":"index","follow":"follow","max-snippet":"max-snippet:-1","max-image-preview":"max-image-preview:large","max-video-preview":"max-video-preview:-1"},"canonical":"https:\/\/www.socan.com\/fr\/the-33rd-annual-socan-gala-in-montreal-honours-the-incredible-talent-of-music-creators-and-publishers-with-celebration-for-the-ages\/","og_locale":"fr_FR","og_type":"article","og_title":"[:en]Gala SOCAN \u00e0 Montr\u00e9al : une 33e \u00e9dition m\u00e9morable sous le signe de la c\u00e9l\u00e9bration du talent des cr\u00e9ateurs et \u00e9diteurs de musique[:] - SOCAN","og_description":"Plus de 100 troph\u00e9es dans 27 cat\u00e9gories ont \u00e9t\u00e9 remis. Parmi les laur\u00e9ats : Jean-Pierre Ferland, Ginette Reno, Plume, Jean Leloup, Roxane Bruneau, Banx & Ranx, Cristobal Tapia de Veer, Nathalie Bonin, Bloc Notes Music Publishing, FouKi & Jay Sc\u00f8tt, C\u0153ur de pirate, Vincent Valli\u00e8res, La Zarra, Les Cowboys Fringants, Daniel B\u00e9langer, Souldia, Pierre Kwenders et plusieurs autres!","og_url":"https:\/\/www.socan.com\/fr\/the-33rd-annual-socan-gala-in-montreal-honours-the-incredible-talent-of-music-creators-and-publishers-with-celebration-for-the-ages\/","og_site_name":"SOCAN","article_published_time":"2023-05-07T22:00:58+00:00","twitter_card":"summary_large_image","schema":{"@context":"https:\/\/schema.org","@graph":[{"@type":"Article","@id":"https:\/\/www.socan.com\/the-33rd-annual-socan-gala-in-montreal-honours-the-incredible-talent-of-music-creators-and-publishers-with-celebration-for-the-ages\/#article","isPartOf":{"@id":"https:\/\/www.socan.com\/the-33rd-annual-socan-gala-in-montreal-honours-the-incredible-talent-of-music-creators-and-publishers-with-celebration-for-the-ages\/"},"author":{"name":"Amal Itani","@id":"https:\/\/www.socan.com\/#\/schema\/person\/5156123b2e75b32a7160afd6527793c0"},"headline":"Gala SOCAN \u00e0 Montr\u00e9al : une 33e \u00e9dition m\u00e9morable sous le signe de la c\u00e9l\u00e9bration du talent des cr\u00e9ateurs et \u00e9diteurs de musique","datePublished":"2023-05-07T22:00:58+00:00","mainEntityOfPage":{"@id":"https:\/\/www.socan.com\/the-33rd-annual-socan-gala-in-montreal-honours-the-incredible-talent-of-music-creators-and-publishers-with-celebration-for-the-ages\/"},"wordCount":1517,"articleSection":["Media Releases"],"inLanguage":"fr-FR"},{"@type":"WebPage","@id":"https:\/\/www.socan.com\/the-33rd-annual-socan-gala-in-montreal-honours-the-incredible-talent-of-music-creators-and-publishers-with-celebration-for-the-ages\/","url":"https:\/\/www.socan.com\/the-33rd-annual-socan-gala-in-montreal-honours-the-incredible-talent-of-music-creators-and-publishers-with-celebration-for-the-ages\/","name":"Gala SOCAN \u00e0 Montr\u00e9al : une 33e \u00e9dition m\u00e9morable sous le signe de la c\u00e9l\u00e9bration du talent des cr\u00e9ateurs et \u00e9diteurs de musique","isPartOf":{"@id":"https:\/\/www.socan.com\/#website"},"datePublished":"2023-05-07T22:00:58+00:00","author":{"@id":"https:\/\/www.socan.com\/#\/schema\/person\/5156123b2e75b32a7160afd6527793c0"},"breadcrumb":{"@id":"https:\/\/www.socan.com\/the-33rd-annual-socan-gala-in-montreal-honours-the-incredible-talent-of-music-creators-and-publishers-with-celebration-for-the-ages\/#breadcrumb"},"inLanguage":"fr-FR","potentialAction":[{"@type":"ReadAction","target":["https:\/\/www.socan.com\/the-33rd-annual-socan-gala-in-montreal-honours-the-incredible-talent-of-music-creators-and-publishers-with-celebration-for-the-ages\/"]}]},{"@type":"BreadcrumbList","@id":"https:\/\/www.socan.com\/the-33rd-annual-socan-gala-in-montreal-honours-the-incredible-talent-of-music-creators-and-publishers-with-celebration-for-the-ages\/#breadcrumb","itemListElement":[{"@type":"ListItem","position":1,"name":"Home","item":"https:\/\/www.socan.com\/fr\/"},{"@type":"ListItem","position":2,"name":"Gala SOCAN \u00e0 Montr\u00e9al : une 33e \u00e9dition m\u00e9morable sous le signe de la c\u00e9l\u00e9bration du talent des cr\u00e9ateurs et \u00e9diteurs de musique"}]},{"@type":"WebSite","@id":"https:\/\/www.socan.com\/#website","url":"https:\/\/www.socan.com\/","name":"SOCAN","description":"Gestion des droits","potentialAction":[{"@type":"SearchAction","target":{"@type":"EntryPoint","urlTemplate":"https:\/\/www.socan.com\/?s={search_term_string}"},"query-input":{"@type":"PropertyValueSpecification","valueRequired":true,"valueName":"search_term_string"}}],"inLanguage":"fr-FR"},{"@type":"Person","@id":"https:\/\/www.socan.com\/#\/schema\/person\/5156123b2e75b32a7160afd6527793c0","name":"Amal Itani","image":{"@type":"ImageObject","inLanguage":"fr-FR","@id":"https:\/\/secure.gravatar.com\/avatar\/cc8ffa7e3a63084ed7be2166dc4402cab68344de7216da5882e654c669b1bbb0?s=96&d=mm&r=g","url":"https:\/\/secure.gravatar.com\/avatar\/cc8ffa7e3a63084ed7be2166dc4402cab68344de7216da5882e654c669b1bbb0?s=96&d=mm&r=g","contentUrl":"https:\/\/secure.gravatar.com\/avatar\/cc8ffa7e3a63084ed7be2166dc4402cab68344de7216da5882e654c669b1bbb0?s=96&d=mm&r=g","caption":"Amal Itani"},"url":"https:\/\/www.socan.com\/fr\/author\/itaniasocan-com\/"}]}},"_links":{"self":[{"href":"https:\/\/www.socan.com\/fr\/wp-json\/wp\/v2\/posts\/13647","targetHints":{"allow":["GET"]}}],"collection":[{"href":"https:\/\/www.socan.com\/fr\/wp-json\/wp\/v2\/posts"}],"about":[{"href":"https:\/\/www.socan.com\/fr\/wp-json\/wp\/v2\/types\/post"}],"author":[{"embeddable":true,"href":"https:\/\/www.socan.com\/fr\/wp-json\/wp\/v2\/users\/13"}],"replies":[{"embeddable":true,"href":"https:\/\/www.socan.com\/fr\/wp-json\/wp\/v2\/comments?post=13647"}],"version-history":[{"count":0,"href":"https:\/\/www.socan.com\/fr\/wp-json\/wp\/v2\/posts\/13647\/revisions"}],"wp:attachment":[{"href":"https:\/\/www.socan.com\/fr\/wp-json\/wp\/v2\/media?parent=13647"}],"wp:term":[{"taxonomy":"category","embeddable":true,"href":"https:\/\/www.socan.com\/fr\/wp-json\/wp\/v2\/categories?post=13647"},{"taxonomy":"post_tag","embeddable":true,"href":"https:\/\/www.socan.com\/fr\/wp-json\/wp\/v2\/tags?post=13647"}],"curies":[{"name":"wp","href":"https:\/\/api.w.org\/{rel}","templated":true}]}}