
{"id":13551,"date":"2023-02-22T10:11:01","date_gmt":"2023-02-22T15:11:01","guid":{"rendered":"https:\/\/socan50.wpengine.com\/?p=13551"},"modified":"2023-02-22T13:40:00","modified_gmt":"2023-02-22T18:40:00","slug":"socan-is-publishing-a-notice-of-intent-to-amend-its-proposed-tariff-22-a-2014-2018-in-accordance-with-the-copyright-act","status":"publish","type":"post","link":"https:\/\/www.socan.com\/fr\/socan-is-publishing-a-notice-of-intent-to-amend-its-proposed-tariff-22-a-2014-2018-in-accordance-with-the-copyright-act\/","title":{"rendered":"La SOCAN publie un Avis d\u2019intention de modifier son projet de tarif 22. A (2014-2018), conform\u00e9ment \u00e0 la Loi sur le droit d\u2019auteur."},"content":{"rendered":"<p><strong>Port\u00e9e :<\/strong> Le tarif propos\u00e9 s\u2019applique \u00e0 l\u2019utilisation d\u2019\u0153uvres musicales du r\u00e9pertoire de la SOCAN dans le cadre de l\u2019exploitation d\u2019un service de musique en ligne, y compris dans des vid\u00e9os musicales, de 2014 \u00e0 2018.<\/p>\n<p><strong>Amendement<\/strong> : La SOCAN demandera \u00e0 la Commission du droit d\u2019auteur du Canada de limiter la port\u00e9e du projet de tarif afin qu\u2019il s\u2019applique <u>seulement<\/u> aux transmissions sur demande et aux transmissions recommand\u00e9es de vid\u00e9os musicales, incluant celles offertes par un service hybride (selon la d\u00e9finition de ces termes dans le projet de tarif).<\/p>\n<p>Si la Commission du droit d\u2019auteur approuve la demande de la SOCAN, le tarif propos\u00e9 exclurait les services de musique en ligne de type audio seulement.<\/p>\n<p><strong>Le tarif audio seulement n\u2019est pas n\u00e9cessaire :<\/strong> La SOCAN prend cette mesure parce qu\u2019elle a pris des arrangements avec tous les utilisateurs dont on sait qu\u2019ils ont exploit\u00e9 des services de musique en ligne \u00e0 contenu audio seulement au Canada pendant la p\u00e9riode du tarif, qui est expir\u00e9 depuis longtemps, et auxquels le tarif propos\u00e9 se serait appliqu\u00e9 en l\u2019absence de ces arrangements. Par cons\u00e9quent, un tarif pour ces utilisations audio seulement n\u2019est plus n\u00e9cessaire.<\/p>\n<p>L\u2019amendement favoriserait l\u2019efficience de la SOCAN et de ses membres en \u00e9vitant toute autre d\u00e9marche li\u00e9e \u00e0 l\u2019examen par la Commission du droit d\u2019auteur de la partie r\u00e9serv\u00e9e \u00e0 l\u2019audio du tarif propos\u00e9, y compris la possibilit\u00e9 d\u2019une proc\u00e9dure de contr\u00f4le judiciaire, alors qu\u2019un tel tarif r\u00e9troactif n\u2019est plus n\u00e9cessaire. Cela permettrait \u00e9galement \u00e0 la SOCAN de continuer \u00e0 consacrer ses efforts et ses ressources \u00e0 l\u2019int\u00e9r\u00eat sup\u00e9rieur de ses membres.<\/p>\n<p>Pour de plus amples informations, veuillez consulter l\u2019avis d\u2019intention de modification (ci-dessous) et adresser toute demande de renseignements \u00e0 <a href=\"mailto:licence@socan.com\">licence@socan.com<\/a>.<\/p>\n<p><strong>Avis d\u2019intention de modification au projet de tarif\u202f22. A (2014-2018) de la SOCAN<\/strong><\/p>\n<p><strong>22 f\u00e9vrier 2023<\/strong><\/p>\n<p>Veuillez noter que la SOCAN a l\u2019intention de pr\u00e9senter une demande \u00e0 la Commission du droit d\u2019auteur du Canada, en vertu de l\u2019alin\u00e9a 69\u202fb) de la <em>Loi sur le droit d\u2019auteur<\/em>, en vue de modifier les projets de tarifs suivants\u202f:<\/p>\n<p>Tarif SOCAN\u202f22. A \u2013 Internet \u2013 Services de musique en ligne (<a href=\"https:\/\/cb-cda.gc.ca\/sites\/default\/files\/inline-files\/socan29062013.pdf\">2014<\/a>, <a href=\"https:\/\/cb-cda.gc.ca\/sites\/default\/files\/inline-files\/Supplement_20_june_2014.pdf\">2015<\/a>, <a href=\"https:\/\/cb-cda.gc.ca\/sites\/default\/files\/inline-files\/TAR-2015-07-04-Supplement-SOCAN-2016.pdf\">2016<\/a>, <a href=\"https:\/\/cb-cda.gc.ca\/sites\/default\/files\/inline-files\/SUP-2016-06-25.pdf\">2017<\/a>, <a href=\"https:\/\/cb-cda.gc.ca\/sites\/default\/files\/inline-files\/SUP-20170429.pdf\">2018<\/a>) (les \u00ab <strong>projets de tarif<\/strong> \u00bb)<\/p>\n<p>La SOCAN a \u00e9tabli des arrangements aupr\u00e8s de tous les utilisateurs connus qui ont exploit\u00e9, au Canada, un service de musique en ligne \u00e0 contenu audio seulement pendant la p\u00e9riode d\u2019application des projets de tarif. Par cons\u00e9quent, un tarif visant ces utilisations n\u2019est plus n\u00e9cessaire. La SOCAN demandera donc que ces projets de tarifs soient modifi\u00e9s afin de limiter leur port\u00e9e \u00e0 l\u2019utilisation d\u2019\u0153uvres musicales incorpor\u00e9es \u00e0 des vid\u00e9os musicales et ce, dans le cadre de l\u2019exploitation d\u2019un service de musique en ligne et de ses distributeurs autoris\u00e9s.\u00a0<strong>\u00a0<\/strong><\/p>\n<p>En particulier, la SOCAN demandera d\u2019exclure du tarif homologu\u00e9, pour toute la p\u00e9riode d\u2019application, tous les actes \u00e9nonc\u00e9s dans les projets de tarif, <u>\u00e0 l\u2019exception<\/u> des transmissions sur demande et des transmissions recommand\u00e9es, y compris celles offertes par un service hybride, de vid\u00e9os musicales (selon la d\u00e9finition de ces termes dans les projets de tarif).<\/p>\n<p>La SOCAN a l\u2019intention de pr\u00e9senter sa demande de modification des projets de tarif pendant la semaine du 26 mars 2023 ou par la suite. Les projets de tarif sont accessibles sur le site Web de la Commission du droit d\u2019auteur du Canada aux liens indiqu\u00e9s ci-dessus.<\/p>\n<p>Pour clarifier, cet Avis d\u2019intention de modification ne touche aucun autre projet de tarif, y compris les autres projets de tarif \u00e0 l\u2019\u00e9tude dans la proc\u00e9dure <a href=\"https:\/\/cb-cda.gc.ca\/fr\/cas-et-tarifs\/cas-en-cours\/en-deliberation\/services-de-musique-en-ligne\"><em>Services de musique en ligne [SOCAN\u202f: 2007-2018]<\/em><\/a>, \u00e0 savoir\u202f:<\/p>\n<ul>\n<li>Tarif SOCAN\u202f22.2 \u2013 Diffusions Web Sonores [<a href=\"https:\/\/cb-cda.gc.ca\/sites\/default\/files\/inline-files\/20060520-m1-b.pdf\">2007<\/a>, <a href=\"https:\/\/cb-cda.gc.ca\/sites\/default\/files\/inline-files\/20070623-m3-b.pdf\">2008<\/a>]\u2009;<\/li>\n<li>Tarif SOCAN\u202f22.B \u2013 Internet \u2013 Autres utilisations de la musique \u2013 Diffusions Web Sonores [<a href=\"https:\/\/cb-cda.gc.ca\/sites\/default\/files\/inline-files\/20080614-m-b.pdf\">2009<\/a>, <a href=\"https:\/\/cb-cda.gc.ca\/sites\/default\/files\/inline-files\/g1-14327.pdf\">2010<\/a>, <a href=\"https:\/\/cb-cda.gc.ca\/sites\/default\/files\/inline-files\/20100731.pdf\">2011<\/a>, <a href=\"https:\/\/cb-cda.gc.ca\/sites\/default\/files\/inline-files\/SOCAN-2012-May-28-2011-Gazette-of-Canada.pdf\">2012<\/a>, <a href=\"https:\/\/cb-cda.gc.ca\/sites\/default\/files\/inline-files\/Supplement-June2.pdf\">2013<\/a>]\u2009;<\/li>\n<\/ul>\n<ul>\n<li>Tarif SOCAN 22.B \u2013 Internet \u2013 Autres utilisations de la musique \u2013 Radio commerciale\u2009; radio par satellite et services sonores payants [<a href=\"https:\/\/cb-cda.gc.ca\/sites\/default\/files\/inline-files\/socan29062013.pdf\">2014<\/a>, <a href=\"https:\/\/cb-cda.gc.ca\/sites\/default\/files\/inline-files\/Supplement_20_june_2014.pdf\">2015<\/a>, <a href=\"https:\/\/cb-cda.gc.ca\/sites\/default\/files\/inline-files\/TAR-2015-07-04-Supplement-SOCAN-2016.pdf\">2016<\/a>, <a href=\"https:\/\/cb-cda.gc.ca\/sites\/default\/files\/inline-files\/SUP-2016-06-25.pdf\">2017<\/a>, <a href=\"https:\/\/cb-cda.gc.ca\/sites\/default\/files\/inline-files\/SUP-20170429.pdf\">2018<\/a>]\u2009; et<\/li>\n<li>Tarif SOCAN\u202f22.C \u2013 Internet \u2013 Autres utilisations de la musique [<a href=\"https:\/\/cb-cda.gc.ca\/sites\/default\/files\/inline-files\/socan29062013.pdf\">2014<\/a>, <a href=\"https:\/\/cb-cda.gc.ca\/sites\/default\/files\/inline-files\/Supplement_20_june_2014.pdf\">2015<\/a>, <a href=\"https:\/\/cb-cda.gc.ca\/sites\/default\/files\/inline-files\/TAR-2015-07-04-Supplement-SOCAN-2016.pdf\">2016<\/a>, <a href=\"https:\/\/cb-cda.gc.ca\/sites\/default\/files\/inline-files\/SUP-2016-06-25.pdf\">2017<\/a>, <a href=\"https:\/\/cb-cda.gc.ca\/sites\/default\/files\/inline-files\/SUP-20170429.pdf\">2018<\/a>].<\/li>\n<\/ul>\n<p>Le pr\u00e9sent Avis d\u2019intention de modification ne s\u2019applique donc pas aux activit\u00e9s vis\u00e9es par ces tarifs, y compris, sans s\u2019y limiter, les activit\u00e9s de diffusion simultan\u00e9e des stations de radio commerciales\u2009; les activit\u00e9s de diffusion simultan\u00e9e et de \u00ab quasi-diffusion simultan\u00e9e \u00bb des services sonores payants\u2009; et les activit\u00e9s Internet des services de radio par satellite, des stations de radio non commerciales et de la SRC.<\/p>\n<p>Pour plus de d\u00e9tails, veuillez acheminer vos questions \u00e0 l\u2019adresse <a href=\"mailto:licence@socan.com.\u00a0\u00a0\u00a0\">licence@socan.com.\u00a0\u00a0\u00a0<\/a><\/p>\n<p>Ceci constitue un avis public en vertu de l\u2019article\u202f69.1 de la <em>Loi sur le droit d\u2019auteur<\/em>.<\/p>\n","protected":false},"excerpt":{"rendered":"<p>Port\u00e9e : Le tarif propos\u00e9 s\u2019applique \u00e0 l\u2019utilisation d\u2019\u0153uvres musicales du r\u00e9pertoire de la SOCAN dans le cadre de l\u2019exploitation d\u2019un service de musique en ligne, y compris dans des vid\u00e9os musicales, de 2014 \u00e0 2018. Amendement : La SOCAN demandera \u00e0 la Commission du droit d\u2019auteur du Canada de limiter la port\u00e9e du projet [&hellip;]<\/p>\n","protected":false},"author":13,"featured_media":0,"comment_status":"closed","ping_status":"closed","sticky":false,"template":"","format":"standard","meta":{"_acf_changed":false,"footnotes":""},"categories":[242],"tags":[],"class_list":["post-13551","post","type-post","status-publish","format-standard","hentry","category-media-release"],"acf":[],"yoast_head":"<!-- This site is optimized with the Yoast SEO plugin v27.4 - https:\/\/yoast.com\/product\/yoast-seo-wordpress\/ -->\n<title>La SOCAN publie un Avis d\u2019intention de modifier son projet de tarif 22. A (2014-2018), conform\u00e9ment \u00e0 la Loi sur le droit d\u2019auteur.<\/title>\n<meta name=\"robots\" content=\"index, follow, max-snippet:-1, max-image-preview:large, max-video-preview:-1\" \/>\n<link rel=\"canonical\" href=\"https:\/\/www.socan.com\/fr\/socan-is-publishing-a-notice-of-intent-to-amend-its-proposed-tariff-22-a-2014-2018-in-accordance-with-the-copyright-act\/\" \/>\n<meta property=\"og:locale\" content=\"fr_FR\" \/>\n<meta property=\"og:locale:alternate\" content=\"en_US\" \/>\n<meta property=\"og:type\" content=\"article\" \/>\n<meta property=\"og:title\" content=\"La SOCAN publie un Avis d\u2019intention de modifier son projet de tarif 22. A (2014-2018), conform\u00e9ment \u00e0 la Loi sur le droit d\u2019auteur.\" \/>\n<meta property=\"og:description\" content=\"Port\u00e9e : Le tarif propos\u00e9 s\u2019applique \u00e0 l\u2019utilisation d\u2019\u0153uvres musicales du r\u00e9pertoire de la SOCAN dans le cadre de l\u2019exploitation d\u2019un service de musique en ligne, y compris dans des vid\u00e9os musicales, de 2014 \u00e0 2018. Amendement : La SOCAN demandera \u00e0 la Commission du droit d\u2019auteur du Canada de limiter la port\u00e9e du projet [&hellip;]\" \/>\n<meta property=\"og:url\" content=\"https:\/\/www.socan.com\/fr\/socan-is-publishing-a-notice-of-intent-to-amend-its-proposed-tariff-22-a-2014-2018-in-accordance-with-the-copyright-act\/\" \/>\n<meta property=\"og:site_name\" content=\"SOCAN\" \/>\n<meta property=\"article:published_time\" content=\"2023-02-22T15:11:01+00:00\" \/>\n<meta property=\"article:modified_time\" content=\"2023-02-22T18:40:00+00:00\" \/>\n<meta name=\"twitter:card\" content=\"summary_large_image\" \/>\n<script type=\"application\/ld+json\" class=\"yoast-schema-graph\">{\"@context\":\"https:\\\/\\\/schema.org\",\"@graph\":[{\"@type\":\"Article\",\"@id\":\"https:\\\/\\\/www.socan.com\\\/socan-is-publishing-a-notice-of-intent-to-amend-its-proposed-tariff-22-a-2014-2018-in-accordance-with-the-copyright-act\\\/#article\",\"isPartOf\":{\"@id\":\"https:\\\/\\\/www.socan.com\\\/socan-is-publishing-a-notice-of-intent-to-amend-its-proposed-tariff-22-a-2014-2018-in-accordance-with-the-copyright-act\\\/\"},\"author\":{\"name\":\"Amal Itani\",\"@id\":\"https:\\\/\\\/www.socan.com\\\/#\\\/schema\\\/person\\\/5156123b2e75b32a7160afd6527793c0\"},\"headline\":\"La SOCAN publie un Avis d\u2019intention de modifier son projet de tarif 22. A (2014-2018), conform\u00e9ment \u00e0 la Loi sur le droit d\u2019auteur.\",\"datePublished\":\"2023-02-22T15:11:01+00:00\",\"dateModified\":\"2023-02-22T18:40:00+00:00\",\"mainEntityOfPage\":{\"@id\":\"https:\\\/\\\/www.socan.com\\\/socan-is-publishing-a-notice-of-intent-to-amend-its-proposed-tariff-22-a-2014-2018-in-accordance-with-the-copyright-act\\\/\"},\"wordCount\":1450,\"articleSection\":[\"Media Releases\"],\"inLanguage\":\"fr-FR\"},{\"@type\":\"WebPage\",\"@id\":\"https:\\\/\\\/www.socan.com\\\/socan-is-publishing-a-notice-of-intent-to-amend-its-proposed-tariff-22-a-2014-2018-in-accordance-with-the-copyright-act\\\/\",\"url\":\"https:\\\/\\\/www.socan.com\\\/socan-is-publishing-a-notice-of-intent-to-amend-its-proposed-tariff-22-a-2014-2018-in-accordance-with-the-copyright-act\\\/\",\"name\":\"La SOCAN publie un Avis d\u2019intention de modifier son projet de tarif 22. A (2014-2018), conform\u00e9ment \u00e0 la Loi sur le droit d\u2019auteur.\",\"isPartOf\":{\"@id\":\"https:\\\/\\\/www.socan.com\\\/#website\"},\"datePublished\":\"2023-02-22T15:11:01+00:00\",\"dateModified\":\"2023-02-22T18:40:00+00:00\",\"author\":{\"@id\":\"https:\\\/\\\/www.socan.com\\\/#\\\/schema\\\/person\\\/5156123b2e75b32a7160afd6527793c0\"},\"breadcrumb\":{\"@id\":\"https:\\\/\\\/www.socan.com\\\/socan-is-publishing-a-notice-of-intent-to-amend-its-proposed-tariff-22-a-2014-2018-in-accordance-with-the-copyright-act\\\/#breadcrumb\"},\"inLanguage\":\"fr-FR\",\"potentialAction\":[{\"@type\":\"ReadAction\",\"target\":[\"https:\\\/\\\/www.socan.com\\\/socan-is-publishing-a-notice-of-intent-to-amend-its-proposed-tariff-22-a-2014-2018-in-accordance-with-the-copyright-act\\\/\"]}]},{\"@type\":\"BreadcrumbList\",\"@id\":\"https:\\\/\\\/www.socan.com\\\/socan-is-publishing-a-notice-of-intent-to-amend-its-proposed-tariff-22-a-2014-2018-in-accordance-with-the-copyright-act\\\/#breadcrumb\",\"itemListElement\":[{\"@type\":\"ListItem\",\"position\":1,\"name\":\"Home\",\"item\":\"https:\\\/\\\/www.socan.com\\\/fr\\\/\"},{\"@type\":\"ListItem\",\"position\":2,\"name\":\"SOCAN is publishing a Notice of Intent to Amend its proposed Tariff 22.A (2014-2018), in accordance with the Copyright Act.\"}]},{\"@type\":\"WebSite\",\"@id\":\"https:\\\/\\\/www.socan.com\\\/#website\",\"url\":\"https:\\\/\\\/www.socan.com\\\/\",\"name\":\"SOCAN\",\"description\":\"Gestion des droits\",\"potentialAction\":[{\"@type\":\"SearchAction\",\"target\":{\"@type\":\"EntryPoint\",\"urlTemplate\":\"https:\\\/\\\/www.socan.com\\\/?s={search_term_string}\"},\"query-input\":{\"@type\":\"PropertyValueSpecification\",\"valueRequired\":true,\"valueName\":\"search_term_string\"}}],\"inLanguage\":\"fr-FR\"},{\"@type\":\"Person\",\"@id\":\"https:\\\/\\\/www.socan.com\\\/#\\\/schema\\\/person\\\/5156123b2e75b32a7160afd6527793c0\",\"name\":\"Amal Itani\",\"image\":{\"@type\":\"ImageObject\",\"inLanguage\":\"fr-FR\",\"@id\":\"https:\\\/\\\/secure.gravatar.com\\\/avatar\\\/cc8ffa7e3a63084ed7be2166dc4402cab68344de7216da5882e654c669b1bbb0?s=96&d=mm&r=g\",\"url\":\"https:\\\/\\\/secure.gravatar.com\\\/avatar\\\/cc8ffa7e3a63084ed7be2166dc4402cab68344de7216da5882e654c669b1bbb0?s=96&d=mm&r=g\",\"contentUrl\":\"https:\\\/\\\/secure.gravatar.com\\\/avatar\\\/cc8ffa7e3a63084ed7be2166dc4402cab68344de7216da5882e654c669b1bbb0?s=96&d=mm&r=g\",\"caption\":\"Amal Itani\"},\"url\":\"https:\\\/\\\/www.socan.com\\\/fr\\\/author\\\/itaniasocan-com\\\/\"}]}<\/script>\n<!-- \/ Yoast SEO plugin. -->","yoast_head_json":{"title":"La SOCAN publie un Avis d\u2019intention de modifier son projet de tarif 22. A (2014-2018), conform\u00e9ment \u00e0 la Loi sur le droit d\u2019auteur.","robots":{"index":"index","follow":"follow","max-snippet":"max-snippet:-1","max-image-preview":"max-image-preview:large","max-video-preview":"max-video-preview:-1"},"canonical":"https:\/\/www.socan.com\/fr\/socan-is-publishing-a-notice-of-intent-to-amend-its-proposed-tariff-22-a-2014-2018-in-accordance-with-the-copyright-act\/","og_locale":"fr_FR","og_type":"article","og_title":"[:en]SOCAN is publishing a Notice of Intent to Amend its proposed Tariff 22.A (2014-2018), in accordance with the Copyright Act.[:fr]La SOCAN publie un Avis d\u2019intention de modifier son projet de tarif 22. A (2014-2018), conform\u00e9ment \u00e0 la Loi sur le droit d\u2019auteur.[:] - SOCAN","og_description":"Port\u00e9e : Le tarif propos\u00e9 s\u2019applique \u00e0 l\u2019utilisation d\u2019\u0153uvres musicales du r\u00e9pertoire de la SOCAN dans le cadre de l\u2019exploitation d\u2019un service de musique en ligne, y compris dans des vid\u00e9os musicales, de 2014 \u00e0 2018. Amendement : La SOCAN demandera \u00e0 la Commission du droit d\u2019auteur du Canada de limiter la port\u00e9e du projet [&hellip;]","og_url":"https:\/\/www.socan.com\/fr\/socan-is-publishing-a-notice-of-intent-to-amend-its-proposed-tariff-22-a-2014-2018-in-accordance-with-the-copyright-act\/","og_site_name":"SOCAN","article_published_time":"2023-02-22T15:11:01+00:00","article_modified_time":"2023-02-22T18:40:00+00:00","twitter_card":"summary_large_image","schema":{"@context":"https:\/\/schema.org","@graph":[{"@type":"Article","@id":"https:\/\/www.socan.com\/socan-is-publishing-a-notice-of-intent-to-amend-its-proposed-tariff-22-a-2014-2018-in-accordance-with-the-copyright-act\/#article","isPartOf":{"@id":"https:\/\/www.socan.com\/socan-is-publishing-a-notice-of-intent-to-amend-its-proposed-tariff-22-a-2014-2018-in-accordance-with-the-copyright-act\/"},"author":{"name":"Amal Itani","@id":"https:\/\/www.socan.com\/#\/schema\/person\/5156123b2e75b32a7160afd6527793c0"},"headline":"La SOCAN publie un Avis d\u2019intention de modifier son projet de tarif 22. A (2014-2018), conform\u00e9ment \u00e0 la Loi sur le droit d\u2019auteur.","datePublished":"2023-02-22T15:11:01+00:00","dateModified":"2023-02-22T18:40:00+00:00","mainEntityOfPage":{"@id":"https:\/\/www.socan.com\/socan-is-publishing-a-notice-of-intent-to-amend-its-proposed-tariff-22-a-2014-2018-in-accordance-with-the-copyright-act\/"},"wordCount":1450,"articleSection":["Media Releases"],"inLanguage":"fr-FR"},{"@type":"WebPage","@id":"https:\/\/www.socan.com\/socan-is-publishing-a-notice-of-intent-to-amend-its-proposed-tariff-22-a-2014-2018-in-accordance-with-the-copyright-act\/","url":"https:\/\/www.socan.com\/socan-is-publishing-a-notice-of-intent-to-amend-its-proposed-tariff-22-a-2014-2018-in-accordance-with-the-copyright-act\/","name":"La SOCAN publie un Avis d\u2019intention de modifier son projet de tarif 22. A (2014-2018), conform\u00e9ment \u00e0 la Loi sur le droit d\u2019auteur.","isPartOf":{"@id":"https:\/\/www.socan.com\/#website"},"datePublished":"2023-02-22T15:11:01+00:00","dateModified":"2023-02-22T18:40:00+00:00","author":{"@id":"https:\/\/www.socan.com\/#\/schema\/person\/5156123b2e75b32a7160afd6527793c0"},"breadcrumb":{"@id":"https:\/\/www.socan.com\/socan-is-publishing-a-notice-of-intent-to-amend-its-proposed-tariff-22-a-2014-2018-in-accordance-with-the-copyright-act\/#breadcrumb"},"inLanguage":"fr-FR","potentialAction":[{"@type":"ReadAction","target":["https:\/\/www.socan.com\/socan-is-publishing-a-notice-of-intent-to-amend-its-proposed-tariff-22-a-2014-2018-in-accordance-with-the-copyright-act\/"]}]},{"@type":"BreadcrumbList","@id":"https:\/\/www.socan.com\/socan-is-publishing-a-notice-of-intent-to-amend-its-proposed-tariff-22-a-2014-2018-in-accordance-with-the-copyright-act\/#breadcrumb","itemListElement":[{"@type":"ListItem","position":1,"name":"Home","item":"https:\/\/www.socan.com\/fr\/"},{"@type":"ListItem","position":2,"name":"SOCAN is publishing a Notice of Intent to Amend its proposed Tariff 22.A (2014-2018), in accordance with the Copyright Act."}]},{"@type":"WebSite","@id":"https:\/\/www.socan.com\/#website","url":"https:\/\/www.socan.com\/","name":"SOCAN","description":"Gestion des droits","potentialAction":[{"@type":"SearchAction","target":{"@type":"EntryPoint","urlTemplate":"https:\/\/www.socan.com\/?s={search_term_string}"},"query-input":{"@type":"PropertyValueSpecification","valueRequired":true,"valueName":"search_term_string"}}],"inLanguage":"fr-FR"},{"@type":"Person","@id":"https:\/\/www.socan.com\/#\/schema\/person\/5156123b2e75b32a7160afd6527793c0","name":"Amal Itani","image":{"@type":"ImageObject","inLanguage":"fr-FR","@id":"https:\/\/secure.gravatar.com\/avatar\/cc8ffa7e3a63084ed7be2166dc4402cab68344de7216da5882e654c669b1bbb0?s=96&d=mm&r=g","url":"https:\/\/secure.gravatar.com\/avatar\/cc8ffa7e3a63084ed7be2166dc4402cab68344de7216da5882e654c669b1bbb0?s=96&d=mm&r=g","contentUrl":"https:\/\/secure.gravatar.com\/avatar\/cc8ffa7e3a63084ed7be2166dc4402cab68344de7216da5882e654c669b1bbb0?s=96&d=mm&r=g","caption":"Amal Itani"},"url":"https:\/\/www.socan.com\/fr\/author\/itaniasocan-com\/"}]}},"_links":{"self":[{"href":"https:\/\/www.socan.com\/fr\/wp-json\/wp\/v2\/posts\/13551","targetHints":{"allow":["GET"]}}],"collection":[{"href":"https:\/\/www.socan.com\/fr\/wp-json\/wp\/v2\/posts"}],"about":[{"href":"https:\/\/www.socan.com\/fr\/wp-json\/wp\/v2\/types\/post"}],"author":[{"embeddable":true,"href":"https:\/\/www.socan.com\/fr\/wp-json\/wp\/v2\/users\/13"}],"replies":[{"embeddable":true,"href":"https:\/\/www.socan.com\/fr\/wp-json\/wp\/v2\/comments?post=13551"}],"version-history":[{"count":0,"href":"https:\/\/www.socan.com\/fr\/wp-json\/wp\/v2\/posts\/13551\/revisions"}],"wp:attachment":[{"href":"https:\/\/www.socan.com\/fr\/wp-json\/wp\/v2\/media?parent=13551"}],"wp:term":[{"taxonomy":"category","embeddable":true,"href":"https:\/\/www.socan.com\/fr\/wp-json\/wp\/v2\/categories?post=13551"},{"taxonomy":"post_tag","embeddable":true,"href":"https:\/\/www.socan.com\/fr\/wp-json\/wp\/v2\/tags?post=13551"}],"curies":[{"name":"wp","href":"https:\/\/api.w.org\/{rel}","templated":true}]}}