
{"id":12597,"date":"2020-03-13T20:47:50","date_gmt":"2020-03-13T20:47:50","guid":{"rendered":"https:\/\/socan50.wpengine.com\/?p=11311"},"modified":"2021-07-16T07:15:40","modified_gmt":"2021-07-16T11:15:40","slug":"socan-cancels-socan-awards","status":"publish","type":"post","link":"https:\/\/www.socan.com\/fr\/socan-cancels-socan-awards\/","title":{"rendered":"LA SOCAN ANNULE SON GALA DES PRIX SOCAN DE TORONTO"},"content":{"rendered":"<p><strong>Toronto, le 13&nbsp;mars 2020 \u2014 <\/strong>Dans la foul\u00e9e des instructions \u00e9mises par le m\u00e9decin hygi\u00e9niste en chef de l\u2019Ontario \u00ab\u2009d\u2019\u00e9viter tous les d\u00e9placements non essentiels hors du Canada\u2009\u00bb et la \u00ab\u2009suspension imm\u00e9diate\u2009\u00bb de tous les regroupements de plus de 250&nbsp;personnes en raison de la pand\u00e9mie de COVID-19, la SOCAN a d\u00fb prendre la difficile d\u00e9cision d\u2019annuler l\u2019\u00e9dition&nbsp;2020 de son Gala des Prix SOCAN de Toronto qui devait avoir lieu le 30&nbsp;mars prochain.<\/p>\n<p>\u00ab\u2009C\u2019est avec beaucoup de tristesse que nous avons pris cette d\u00e9cision dans la foul\u00e9e des directives \u00e9mises r\u00e9cemment et afin d\u2019accorder la priorit\u00e9 au bien-\u00eatre de nos employ\u00e9s, de nos membres, de la communaut\u00e9 musicale canadienne et du grand public\u2009\u00bb, a d\u00e9clar\u00e9 le chef de la direction de la SOCAN, Eric Baptiste. \u00ab\u2009Nous trouverons une autre fa\u00e7on de c\u00e9l\u00e9brer les incroyables r\u00e9ussites des auteurs, compositeurs et \u00e9diteurs de musique les plus prolifiques du Canada.\u2009\u00bb<\/p>\n<p>Le Gala des Prix SOCAN de Toronto est un \u00e9v\u00e9nement priv\u00e9, mais les d\u00e9placements vers un tel \u00e9v\u00e9nement r\u00e9unissant plusieurs centaines de personnes ne sont de toute \u00e9vidence pas recommandables.<\/p>\n<p><strong>Contacts m\u00e9dias<br \/>\n<\/strong>SOCAN&nbsp;: Eric Parazelli 514-844-8377 #4934, <a href=\"mailto:Andrew.Berthoff@socan.com\">eric.parazelli@socan.com<\/a><\/p>\n","protected":false},"excerpt":{"rendered":"<p>SOCAN has made the difficult decision to cancel the 2020 SOCAN Awards,<\/p>\n","protected":false},"author":1,"featured_media":0,"comment_status":"open","ping_status":"open","sticky":false,"template":"","format":"standard","meta":{"_acf_changed":false,"footnotes":""},"categories":[242],"tags":[],"class_list":["post-12597","post","type-post","status-publish","format-standard","hentry","category-media-release"],"acf":[],"yoast_head":"<!-- This site is optimized with the Yoast SEO plugin v27.4 - https:\/\/yoast.com\/product\/yoast-seo-wordpress\/ -->\n<title>LA SOCAN ANNULE SON GALA DES PRIX SOCAN DE TORONTO<\/title>\n<meta name=\"robots\" content=\"index, follow, max-snippet:-1, max-image-preview:large, max-video-preview:-1\" \/>\n<link rel=\"canonical\" href=\"https:\/\/www.socan.com\/fr\/socan-cancels-socan-awards\/\" \/>\n<meta property=\"og:locale\" content=\"fr_FR\" \/>\n<meta property=\"og:locale:alternate\" content=\"en_US\" \/>\n<meta property=\"og:type\" content=\"article\" \/>\n<meta property=\"og:title\" content=\"LA SOCAN ANNULE SON GALA DES PRIX SOCAN DE TORONTO\" \/>\n<meta property=\"og:description\" content=\"SOCAN has made the difficult decision to cancel the 2020 SOCAN Awards,\" \/>\n<meta property=\"og:url\" content=\"https:\/\/www.socan.com\/fr\/socan-cancels-socan-awards\/\" \/>\n<meta property=\"og:site_name\" content=\"SOCAN\" \/>\n<meta property=\"article:published_time\" content=\"2020-03-13T20:47:50+00:00\" \/>\n<meta property=\"article:modified_time\" content=\"2021-07-16T11:15:40+00:00\" \/>\n<meta name=\"twitter:card\" content=\"summary_large_image\" \/>\n<script type=\"application\/ld+json\" class=\"yoast-schema-graph\">{\"@context\":\"https:\\\/\\\/schema.org\",\"@graph\":[{\"@type\":\"Article\",\"@id\":\"https:\\\/\\\/www.socan.com\\\/socan-cancels-socan-awards\\\/#article\",\"isPartOf\":{\"@id\":\"https:\\\/\\\/www.socan.com\\\/socan-cancels-socan-awards\\\/\"},\"author\":{\"name\":\"admin-dev\",\"@id\":\"https:\\\/\\\/www.socan.com\\\/#\\\/schema\\\/person\\\/83e39de53215bff2f0b127fe4796c561\"},\"headline\":\"LA SOCAN ANNULE SON GALA DES PRIX SOCAN DE TORONTO\",\"datePublished\":\"2020-03-13T20:47:50+00:00\",\"dateModified\":\"2021-07-16T11:15:40+00:00\",\"mainEntityOfPage\":{\"@id\":\"https:\\\/\\\/www.socan.com\\\/socan-cancels-socan-awards\\\/\"},\"wordCount\":382,\"commentCount\":0,\"articleSection\":[\"Media Releases\"],\"inLanguage\":\"fr-FR\",\"potentialAction\":[{\"@type\":\"CommentAction\",\"name\":\"Comment\",\"target\":[\"https:\\\/\\\/www.socan.com\\\/socan-cancels-socan-awards\\\/#respond\"]}]},{\"@type\":\"WebPage\",\"@id\":\"https:\\\/\\\/www.socan.com\\\/socan-cancels-socan-awards\\\/\",\"url\":\"https:\\\/\\\/www.socan.com\\\/socan-cancels-socan-awards\\\/\",\"name\":\"LA SOCAN ANNULE SON GALA DES PRIX SOCAN DE TORONTO\",\"isPartOf\":{\"@id\":\"https:\\\/\\\/www.socan.com\\\/#website\"},\"datePublished\":\"2020-03-13T20:47:50+00:00\",\"dateModified\":\"2021-07-16T11:15:40+00:00\",\"author\":{\"@id\":\"https:\\\/\\\/www.socan.com\\\/#\\\/schema\\\/person\\\/83e39de53215bff2f0b127fe4796c561\"},\"breadcrumb\":{\"@id\":\"https:\\\/\\\/www.socan.com\\\/socan-cancels-socan-awards\\\/#breadcrumb\"},\"inLanguage\":\"fr-FR\",\"potentialAction\":[{\"@type\":\"ReadAction\",\"target\":[\"https:\\\/\\\/www.socan.com\\\/socan-cancels-socan-awards\\\/\"]}]},{\"@type\":\"BreadcrumbList\",\"@id\":\"https:\\\/\\\/www.socan.com\\\/socan-cancels-socan-awards\\\/#breadcrumb\",\"itemListElement\":[{\"@type\":\"ListItem\",\"position\":1,\"name\":\"Home\",\"item\":\"https:\\\/\\\/www.socan.com\\\/fr\\\/\"},{\"@type\":\"ListItem\",\"position\":2,\"name\":\"SOCAN Cancels SOCAN Awards\"}]},{\"@type\":\"WebSite\",\"@id\":\"https:\\\/\\\/www.socan.com\\\/#website\",\"url\":\"https:\\\/\\\/www.socan.com\\\/\",\"name\":\"SOCAN\",\"description\":\"Gestion des droits\",\"potentialAction\":[{\"@type\":\"SearchAction\",\"target\":{\"@type\":\"EntryPoint\",\"urlTemplate\":\"https:\\\/\\\/www.socan.com\\\/?s={search_term_string}\"},\"query-input\":{\"@type\":\"PropertyValueSpecification\",\"valueRequired\":true,\"valueName\":\"search_term_string\"}}],\"inLanguage\":\"fr-FR\"},{\"@type\":\"Person\",\"@id\":\"https:\\\/\\\/www.socan.com\\\/#\\\/schema\\\/person\\\/83e39de53215bff2f0b127fe4796c561\",\"name\":\"admin-dev\",\"image\":{\"@type\":\"ImageObject\",\"inLanguage\":\"fr-FR\",\"@id\":\"https:\\\/\\\/secure.gravatar.com\\\/avatar\\\/3d56c2f1007807f89e73b5eacd06ca1b12ec6f2e68a01de8fc9a6e29d8c64c07?s=96&d=mm&r=g\",\"url\":\"https:\\\/\\\/secure.gravatar.com\\\/avatar\\\/3d56c2f1007807f89e73b5eacd06ca1b12ec6f2e68a01de8fc9a6e29d8c64c07?s=96&d=mm&r=g\",\"contentUrl\":\"https:\\\/\\\/secure.gravatar.com\\\/avatar\\\/3d56c2f1007807f89e73b5eacd06ca1b12ec6f2e68a01de8fc9a6e29d8c64c07?s=96&d=mm&r=g\",\"caption\":\"admin-dev\"},\"url\":\"https:\\\/\\\/www.socan.com\\\/fr\\\/author\\\/admin-dev\\\/\"}]}<\/script>\n<!-- \/ Yoast SEO plugin. -->","yoast_head_json":{"title":"LA SOCAN ANNULE SON GALA DES PRIX SOCAN DE TORONTO","robots":{"index":"index","follow":"follow","max-snippet":"max-snippet:-1","max-image-preview":"max-image-preview:large","max-video-preview":"max-video-preview:-1"},"canonical":"https:\/\/www.socan.com\/fr\/socan-cancels-socan-awards\/","og_locale":"fr_FR","og_type":"article","og_title":"[:en]SOCAN Cancels SOCAN Awards[:fr]LA SOCAN ANNULE SON GALA DES PRIX SOCAN DE TORONTO[:] - SOCAN","og_description":"SOCAN has made the difficult decision to cancel the 2020 SOCAN Awards,","og_url":"https:\/\/www.socan.com\/fr\/socan-cancels-socan-awards\/","og_site_name":"SOCAN","article_published_time":"2020-03-13T20:47:50+00:00","article_modified_time":"2021-07-16T11:15:40+00:00","twitter_card":"summary_large_image","schema":{"@context":"https:\/\/schema.org","@graph":[{"@type":"Article","@id":"https:\/\/www.socan.com\/socan-cancels-socan-awards\/#article","isPartOf":{"@id":"https:\/\/www.socan.com\/socan-cancels-socan-awards\/"},"author":{"name":"admin-dev","@id":"https:\/\/www.socan.com\/#\/schema\/person\/83e39de53215bff2f0b127fe4796c561"},"headline":"LA SOCAN ANNULE SON GALA DES PRIX SOCAN DE TORONTO","datePublished":"2020-03-13T20:47:50+00:00","dateModified":"2021-07-16T11:15:40+00:00","mainEntityOfPage":{"@id":"https:\/\/www.socan.com\/socan-cancels-socan-awards\/"},"wordCount":382,"commentCount":0,"articleSection":["Media Releases"],"inLanguage":"fr-FR","potentialAction":[{"@type":"CommentAction","name":"Comment","target":["https:\/\/www.socan.com\/socan-cancels-socan-awards\/#respond"]}]},{"@type":"WebPage","@id":"https:\/\/www.socan.com\/socan-cancels-socan-awards\/","url":"https:\/\/www.socan.com\/socan-cancels-socan-awards\/","name":"LA SOCAN ANNULE SON GALA DES PRIX SOCAN DE TORONTO","isPartOf":{"@id":"https:\/\/www.socan.com\/#website"},"datePublished":"2020-03-13T20:47:50+00:00","dateModified":"2021-07-16T11:15:40+00:00","author":{"@id":"https:\/\/www.socan.com\/#\/schema\/person\/83e39de53215bff2f0b127fe4796c561"},"breadcrumb":{"@id":"https:\/\/www.socan.com\/socan-cancels-socan-awards\/#breadcrumb"},"inLanguage":"fr-FR","potentialAction":[{"@type":"ReadAction","target":["https:\/\/www.socan.com\/socan-cancels-socan-awards\/"]}]},{"@type":"BreadcrumbList","@id":"https:\/\/www.socan.com\/socan-cancels-socan-awards\/#breadcrumb","itemListElement":[{"@type":"ListItem","position":1,"name":"Home","item":"https:\/\/www.socan.com\/fr\/"},{"@type":"ListItem","position":2,"name":"SOCAN Cancels SOCAN Awards"}]},{"@type":"WebSite","@id":"https:\/\/www.socan.com\/#website","url":"https:\/\/www.socan.com\/","name":"SOCAN","description":"Gestion des droits","potentialAction":[{"@type":"SearchAction","target":{"@type":"EntryPoint","urlTemplate":"https:\/\/www.socan.com\/?s={search_term_string}"},"query-input":{"@type":"PropertyValueSpecification","valueRequired":true,"valueName":"search_term_string"}}],"inLanguage":"fr-FR"},{"@type":"Person","@id":"https:\/\/www.socan.com\/#\/schema\/person\/83e39de53215bff2f0b127fe4796c561","name":"admin-dev","image":{"@type":"ImageObject","inLanguage":"fr-FR","@id":"https:\/\/secure.gravatar.com\/avatar\/3d56c2f1007807f89e73b5eacd06ca1b12ec6f2e68a01de8fc9a6e29d8c64c07?s=96&d=mm&r=g","url":"https:\/\/secure.gravatar.com\/avatar\/3d56c2f1007807f89e73b5eacd06ca1b12ec6f2e68a01de8fc9a6e29d8c64c07?s=96&d=mm&r=g","contentUrl":"https:\/\/secure.gravatar.com\/avatar\/3d56c2f1007807f89e73b5eacd06ca1b12ec6f2e68a01de8fc9a6e29d8c64c07?s=96&d=mm&r=g","caption":"admin-dev"},"url":"https:\/\/www.socan.com\/fr\/author\/admin-dev\/"}]}},"_links":{"self":[{"href":"https:\/\/www.socan.com\/fr\/wp-json\/wp\/v2\/posts\/12597","targetHints":{"allow":["GET"]}}],"collection":[{"href":"https:\/\/www.socan.com\/fr\/wp-json\/wp\/v2\/posts"}],"about":[{"href":"https:\/\/www.socan.com\/fr\/wp-json\/wp\/v2\/types\/post"}],"author":[{"embeddable":true,"href":"https:\/\/www.socan.com\/fr\/wp-json\/wp\/v2\/users\/1"}],"replies":[{"embeddable":true,"href":"https:\/\/www.socan.com\/fr\/wp-json\/wp\/v2\/comments?post=12597"}],"version-history":[{"count":0,"href":"https:\/\/www.socan.com\/fr\/wp-json\/wp\/v2\/posts\/12597\/revisions"}],"wp:attachment":[{"href":"https:\/\/www.socan.com\/fr\/wp-json\/wp\/v2\/media?parent=12597"}],"wp:term":[{"taxonomy":"category","embeddable":true,"href":"https:\/\/www.socan.com\/fr\/wp-json\/wp\/v2\/categories?post=12597"},{"taxonomy":"post_tag","embeddable":true,"href":"https:\/\/www.socan.com\/fr\/wp-json\/wp\/v2\/tags?post=12597"}],"curies":[{"name":"wp","href":"https:\/\/api.w.org\/{rel}","templated":true}]}}