
{"id":11855,"date":"2021-04-23T00:59:26","date_gmt":"2021-04-23T00:59:26","guid":{"rendered":"https:\/\/socan50.wpengine.com\/?p=11855"},"modified":"2021-07-16T04:52:15","modified_gmt":"2021-07-16T08:52:15","slug":"socan-statement","status":"publish","type":"post","link":"https:\/\/www.socan.com\/fr\/socan-statement\/","title":{"rendered":"D\u00c9CLARATION DE LA SOCAN"},"content":{"rendered":"<p><strong>Toronto, le 22&nbsp;avril 2021 \u2014 <\/strong>La SOCAN a annonc\u00e9 aujourd\u2019hui que Marc Ouellette, pr\u00e9sident du Conseil d\u2019administration de l\u2019organisme, a re\u00e7u et accept\u00e9 la d\u00e9mission de Denis Wolff, membre du Conseil.<\/p>\n<p>M. Wolff a \u00e9galement retir\u00e9 sa candidature \u00e0 l\u2019\u00e9lection en cours du Conseil et il a d\u00e9missionn\u00e9 du conseil d\u2019administration de la Fondation SOCAN.<\/p>\n<p>\u00ab\u2009Denis Wolff a estim\u00e9 qu\u2019une affaire personnelle en cours pourrait constituer une distraction trop importante pour le Conseil\u2009\u00bb, a d\u00e9clar\u00e9 M.&nbsp;Ouellette. \u00ab\u2009J\u2019ai accept\u00e9 sa d\u00e9mission et je le remercie pour ses nombreuses ann\u00e9es de travail au sein du Conseil d\u2019administration.\u2009\u00bb<\/p>\n<p><strong>\u00c0 propos de la SOCAN<br \/>\n<\/strong>La SOCAN est une organisation de gestion de droits qui est le trait d\u2019union entre plus de quatre millions de cr\u00e9ateurs et \u00e9diteurs de musique et d\u2019artistes visuels partout dans le monde et plus d\u2019un quart de million d\u2019entreprises et d\u2019individus, uniquement au Canada. Son effectif de membres compte plus de 160\u2009000&nbsp;auteurs, compositeurs, \u00e9diteurs de musique et artistes visuels, tandis que plus de 100\u2009000&nbsp;entreprises de partout au Canada d\u00e9tiennent une licence \u00ab\u2009Autoris\u00e9 \u00e0 vous divertir\u2009\u00bb. Gr\u00e2ce \u00e0 son utilisation concert\u00e9e de technologies de pointe et de donn\u00e9es uniques, ainsi qu\u2019\u00e0 son engagement d\u2019\u00eatre le leader mondial de la transformation de la gestion des droits, la SOCAN se d\u00e9die \u00e0 la d\u00e9fense d\u2019une v\u00e9rit\u00e9 fondamentale&nbsp;: la musique et les arts visuels ont une valeur et les cr\u00e9ateurs et \u00e9diteurs m\u00e9ritent d\u2019\u00eatre r\u00e9mun\u00e9r\u00e9s \u00e9quitablement pour leur travail. Pour en savoir plus&nbsp;: <a href=\"https:\/\/www.socan.com\">www.socan.com<\/a><\/p>\n","protected":false},"excerpt":{"rendered":"<p>Toronto, le 22&nbsp;avril 2021 \u2014 La SOCAN a annonc\u00e9 aujourd\u2019hui que Marc Ouellette, pr\u00e9sident du Conseil d\u2019administration de l\u2019organisme, a re\u00e7u et accept\u00e9 la d\u00e9mission de Denis Wolff, membre du Conseil. M. Wolff a \u00e9galement retir\u00e9 sa candidature \u00e0 l\u2019\u00e9lection en cours du Conseil et il a d\u00e9missionn\u00e9 du conseil d\u2019administration de la Fondation SOCAN. [&hellip;]<\/p>\n","protected":false},"author":1,"featured_media":0,"comment_status":"open","ping_status":"open","sticky":false,"template":"","format":"standard","meta":{"_acf_changed":false,"footnotes":""},"categories":[242],"tags":[],"class_list":["post-11855","post","type-post","status-publish","format-standard","hentry","category-media-release"],"acf":[],"yoast_head":"<!-- This site is optimized with the Yoast SEO plugin v27.4 - https:\/\/yoast.com\/product\/yoast-seo-wordpress\/ -->\n<title>D\u00c9CLARATION DE LA SOCAN<\/title>\n<meta name=\"robots\" content=\"index, follow, max-snippet:-1, max-image-preview:large, max-video-preview:-1\" \/>\n<link rel=\"canonical\" href=\"https:\/\/www.socan.com\/fr\/socan-statement\/\" \/>\n<meta property=\"og:locale\" content=\"fr_FR\" \/>\n<meta property=\"og:locale:alternate\" content=\"en_US\" \/>\n<meta property=\"og:type\" content=\"article\" \/>\n<meta property=\"og:title\" content=\"D\u00c9CLARATION DE LA SOCAN\" \/>\n<meta property=\"og:description\" content=\"Toronto, le 22&nbsp;avril 2021 \u2014 La SOCAN a annonc\u00e9 aujourd\u2019hui que Marc Ouellette, pr\u00e9sident du Conseil d\u2019administration de l\u2019organisme, a re\u00e7u et accept\u00e9 la d\u00e9mission de Denis Wolff, membre du Conseil. M. Wolff a \u00e9galement retir\u00e9 sa candidature \u00e0 l\u2019\u00e9lection en cours du Conseil et il a d\u00e9missionn\u00e9 du conseil d\u2019administration de la Fondation SOCAN. [&hellip;]\" \/>\n<meta property=\"og:url\" content=\"https:\/\/www.socan.com\/fr\/socan-statement\/\" \/>\n<meta property=\"og:site_name\" content=\"SOCAN\" \/>\n<meta property=\"article:published_time\" content=\"2021-04-23T00:59:26+00:00\" \/>\n<meta property=\"article:modified_time\" content=\"2021-07-16T08:52:15+00:00\" \/>\n<meta name=\"twitter:card\" content=\"summary_large_image\" \/>\n<script type=\"application\/ld+json\" class=\"yoast-schema-graph\">{\"@context\":\"https:\\\/\\\/schema.org\",\"@graph\":[{\"@type\":\"Article\",\"@id\":\"https:\\\/\\\/www.socan.com\\\/socan-statement\\\/#article\",\"isPartOf\":{\"@id\":\"https:\\\/\\\/www.socan.com\\\/socan-statement\\\/\"},\"author\":{\"name\":\"admin-dev\",\"@id\":\"https:\\\/\\\/www.socan.com\\\/#\\\/schema\\\/person\\\/83e39de53215bff2f0b127fe4796c561\"},\"headline\":\"D\u00c9CLARATION DE LA SOCAN\",\"datePublished\":\"2021-04-23T00:59:26+00:00\",\"dateModified\":\"2021-07-16T08:52:15+00:00\",\"mainEntityOfPage\":{\"@id\":\"https:\\\/\\\/www.socan.com\\\/socan-statement\\\/\"},\"wordCount\":486,\"commentCount\":0,\"articleSection\":[\"Media Releases\"],\"inLanguage\":\"fr-FR\",\"potentialAction\":[{\"@type\":\"CommentAction\",\"name\":\"Comment\",\"target\":[\"https:\\\/\\\/www.socan.com\\\/socan-statement\\\/#respond\"]}]},{\"@type\":\"WebPage\",\"@id\":\"https:\\\/\\\/www.socan.com\\\/socan-statement\\\/\",\"url\":\"https:\\\/\\\/www.socan.com\\\/socan-statement\\\/\",\"name\":\"D\u00c9CLARATION DE LA SOCAN\",\"isPartOf\":{\"@id\":\"https:\\\/\\\/www.socan.com\\\/#website\"},\"datePublished\":\"2021-04-23T00:59:26+00:00\",\"dateModified\":\"2021-07-16T08:52:15+00:00\",\"author\":{\"@id\":\"https:\\\/\\\/www.socan.com\\\/#\\\/schema\\\/person\\\/83e39de53215bff2f0b127fe4796c561\"},\"breadcrumb\":{\"@id\":\"https:\\\/\\\/www.socan.com\\\/socan-statement\\\/#breadcrumb\"},\"inLanguage\":\"fr-FR\",\"potentialAction\":[{\"@type\":\"ReadAction\",\"target\":[\"https:\\\/\\\/www.socan.com\\\/socan-statement\\\/\"]}]},{\"@type\":\"BreadcrumbList\",\"@id\":\"https:\\\/\\\/www.socan.com\\\/socan-statement\\\/#breadcrumb\",\"itemListElement\":[{\"@type\":\"ListItem\",\"position\":1,\"name\":\"Home\",\"item\":\"https:\\\/\\\/www.socan.com\\\/fr\\\/\"},{\"@type\":\"ListItem\",\"position\":2,\"name\":\"SOCAN Statement\"}]},{\"@type\":\"WebSite\",\"@id\":\"https:\\\/\\\/www.socan.com\\\/#website\",\"url\":\"https:\\\/\\\/www.socan.com\\\/\",\"name\":\"SOCAN\",\"description\":\"Gestion des droits\",\"potentialAction\":[{\"@type\":\"SearchAction\",\"target\":{\"@type\":\"EntryPoint\",\"urlTemplate\":\"https:\\\/\\\/www.socan.com\\\/?s={search_term_string}\"},\"query-input\":{\"@type\":\"PropertyValueSpecification\",\"valueRequired\":true,\"valueName\":\"search_term_string\"}}],\"inLanguage\":\"fr-FR\"},{\"@type\":\"Person\",\"@id\":\"https:\\\/\\\/www.socan.com\\\/#\\\/schema\\\/person\\\/83e39de53215bff2f0b127fe4796c561\",\"name\":\"admin-dev\",\"image\":{\"@type\":\"ImageObject\",\"inLanguage\":\"fr-FR\",\"@id\":\"https:\\\/\\\/secure.gravatar.com\\\/avatar\\\/3d56c2f1007807f89e73b5eacd06ca1b12ec6f2e68a01de8fc9a6e29d8c64c07?s=96&d=mm&r=g\",\"url\":\"https:\\\/\\\/secure.gravatar.com\\\/avatar\\\/3d56c2f1007807f89e73b5eacd06ca1b12ec6f2e68a01de8fc9a6e29d8c64c07?s=96&d=mm&r=g\",\"contentUrl\":\"https:\\\/\\\/secure.gravatar.com\\\/avatar\\\/3d56c2f1007807f89e73b5eacd06ca1b12ec6f2e68a01de8fc9a6e29d8c64c07?s=96&d=mm&r=g\",\"caption\":\"admin-dev\"},\"url\":\"https:\\\/\\\/www.socan.com\\\/fr\\\/author\\\/admin-dev\\\/\"}]}<\/script>\n<!-- \/ Yoast SEO plugin. -->","yoast_head_json":{"title":"D\u00c9CLARATION DE LA SOCAN","robots":{"index":"index","follow":"follow","max-snippet":"max-snippet:-1","max-image-preview":"max-image-preview:large","max-video-preview":"max-video-preview:-1"},"canonical":"https:\/\/www.socan.com\/fr\/socan-statement\/","og_locale":"fr_FR","og_type":"article","og_title":"[:en]SOCAN Statement[:fr]D\u00c9CLARATION DE LA SOCAN[:] - SOCAN","og_description":"Toronto, le 22&nbsp;avril 2021 \u2014 La SOCAN a annonc\u00e9 aujourd\u2019hui que Marc Ouellette, pr\u00e9sident du Conseil d\u2019administration de l\u2019organisme, a re\u00e7u et accept\u00e9 la d\u00e9mission de Denis Wolff, membre du Conseil. M. Wolff a \u00e9galement retir\u00e9 sa candidature \u00e0 l\u2019\u00e9lection en cours du Conseil et il a d\u00e9missionn\u00e9 du conseil d\u2019administration de la Fondation SOCAN. [&hellip;]","og_url":"https:\/\/www.socan.com\/fr\/socan-statement\/","og_site_name":"SOCAN","article_published_time":"2021-04-23T00:59:26+00:00","article_modified_time":"2021-07-16T08:52:15+00:00","twitter_card":"summary_large_image","schema":{"@context":"https:\/\/schema.org","@graph":[{"@type":"Article","@id":"https:\/\/www.socan.com\/socan-statement\/#article","isPartOf":{"@id":"https:\/\/www.socan.com\/socan-statement\/"},"author":{"name":"admin-dev","@id":"https:\/\/www.socan.com\/#\/schema\/person\/83e39de53215bff2f0b127fe4796c561"},"headline":"D\u00c9CLARATION DE LA SOCAN","datePublished":"2021-04-23T00:59:26+00:00","dateModified":"2021-07-16T08:52:15+00:00","mainEntityOfPage":{"@id":"https:\/\/www.socan.com\/socan-statement\/"},"wordCount":486,"commentCount":0,"articleSection":["Media Releases"],"inLanguage":"fr-FR","potentialAction":[{"@type":"CommentAction","name":"Comment","target":["https:\/\/www.socan.com\/socan-statement\/#respond"]}]},{"@type":"WebPage","@id":"https:\/\/www.socan.com\/socan-statement\/","url":"https:\/\/www.socan.com\/socan-statement\/","name":"D\u00c9CLARATION DE LA SOCAN","isPartOf":{"@id":"https:\/\/www.socan.com\/#website"},"datePublished":"2021-04-23T00:59:26+00:00","dateModified":"2021-07-16T08:52:15+00:00","author":{"@id":"https:\/\/www.socan.com\/#\/schema\/person\/83e39de53215bff2f0b127fe4796c561"},"breadcrumb":{"@id":"https:\/\/www.socan.com\/socan-statement\/#breadcrumb"},"inLanguage":"fr-FR","potentialAction":[{"@type":"ReadAction","target":["https:\/\/www.socan.com\/socan-statement\/"]}]},{"@type":"BreadcrumbList","@id":"https:\/\/www.socan.com\/socan-statement\/#breadcrumb","itemListElement":[{"@type":"ListItem","position":1,"name":"Home","item":"https:\/\/www.socan.com\/fr\/"},{"@type":"ListItem","position":2,"name":"SOCAN Statement"}]},{"@type":"WebSite","@id":"https:\/\/www.socan.com\/#website","url":"https:\/\/www.socan.com\/","name":"SOCAN","description":"Gestion des droits","potentialAction":[{"@type":"SearchAction","target":{"@type":"EntryPoint","urlTemplate":"https:\/\/www.socan.com\/?s={search_term_string}"},"query-input":{"@type":"PropertyValueSpecification","valueRequired":true,"valueName":"search_term_string"}}],"inLanguage":"fr-FR"},{"@type":"Person","@id":"https:\/\/www.socan.com\/#\/schema\/person\/83e39de53215bff2f0b127fe4796c561","name":"admin-dev","image":{"@type":"ImageObject","inLanguage":"fr-FR","@id":"https:\/\/secure.gravatar.com\/avatar\/3d56c2f1007807f89e73b5eacd06ca1b12ec6f2e68a01de8fc9a6e29d8c64c07?s=96&d=mm&r=g","url":"https:\/\/secure.gravatar.com\/avatar\/3d56c2f1007807f89e73b5eacd06ca1b12ec6f2e68a01de8fc9a6e29d8c64c07?s=96&d=mm&r=g","contentUrl":"https:\/\/secure.gravatar.com\/avatar\/3d56c2f1007807f89e73b5eacd06ca1b12ec6f2e68a01de8fc9a6e29d8c64c07?s=96&d=mm&r=g","caption":"admin-dev"},"url":"https:\/\/www.socan.com\/fr\/author\/admin-dev\/"}]}},"_links":{"self":[{"href":"https:\/\/www.socan.com\/fr\/wp-json\/wp\/v2\/posts\/11855","targetHints":{"allow":["GET"]}}],"collection":[{"href":"https:\/\/www.socan.com\/fr\/wp-json\/wp\/v2\/posts"}],"about":[{"href":"https:\/\/www.socan.com\/fr\/wp-json\/wp\/v2\/types\/post"}],"author":[{"embeddable":true,"href":"https:\/\/www.socan.com\/fr\/wp-json\/wp\/v2\/users\/1"}],"replies":[{"embeddable":true,"href":"https:\/\/www.socan.com\/fr\/wp-json\/wp\/v2\/comments?post=11855"}],"version-history":[{"count":0,"href":"https:\/\/www.socan.com\/fr\/wp-json\/wp\/v2\/posts\/11855\/revisions"}],"wp:attachment":[{"href":"https:\/\/www.socan.com\/fr\/wp-json\/wp\/v2\/media?parent=11855"}],"wp:term":[{"taxonomy":"category","embeddable":true,"href":"https:\/\/www.socan.com\/fr\/wp-json\/wp\/v2\/categories?post=11855"},{"taxonomy":"post_tag","embeddable":true,"href":"https:\/\/www.socan.com\/fr\/wp-json\/wp\/v2\/tags?post=11855"}],"curies":[{"name":"wp","href":"https:\/\/api.w.org\/{rel}","templated":true}]}}